{"id":11039,"date":"2019-12-18T19:25:37","date_gmt":"2019-12-18T18:25:37","guid":{"rendered":"http:\/\/slivnica.splet.arnes.si\/?p=11039"},"modified":"2019-12-18T19:59:48","modified_gmt":"2019-12-18T18:59:48","slug":"dedek-mraz-v-loki-pri-zusmu","status":"publish","type":"post","link":"https:\/\/www.slivnica.si\/?p=11039","title":{"rendered":"Dedek Mraz v Loki pri \u017dusmu"},"content":{"rendered":"<p><strong>V\u00a0 sredo<\/strong>, 18. 12. 2019,\u00a0 je v Loko prispel <strong>dedek Mraz<\/strong>. Vsi otroci in tudi nekateri star\u0161i so ga \u017ee nestrpno pri\u010dakovali v skupnem prostoru P\u0160 Loka pri \u017dusmu.<\/p>\n<p>Najprej so si ogledali pou\u010dno in zabavno igrico\u00a0<strong>Topel nasmeh dedka Mraza<\/strong>. Potem pa so ga le priklicali&#8230; Pri\u0161el je z dolgo palico in jih najprej toplo pozdravil ter vpra\u0161al, \u010de so bili kaj pridni. Seveda so bili&#8230;Posebej jih je nagovoril, da morajo ubogati vzgojiteljice, u\u010diteljice in star\u0161e. Hvale\u017eni morajo biti tudi za vsako majhno stvar, ki jo dobijo. Nato je razdelil darila pred\u0161olskim otrokom in prvo\u0161ol\u010dkom. Z njimi se je malo pogovoril in tudi fotografiral. Tudi na \u0161olarje 2., 3. in 4., 5. razreda ni pozabil. Vsak razred je dobil skupno darilo, ampak zanj so se morali potruditi in pokazati nekaj znanja.<\/p>\n<p>Vsi otroci so bili veseli in zadovoljni. Pomahali so dedku Mrazu v slovo, on pa jim je obljubil, da jih drugo leto zopet obi\u0161\u010de.<\/p>\nngg_shortcode_0_placeholder\n","protected":false},"excerpt":{"rendered":"<p>V\u00a0 sredo, 18. 12. 2019,\u00a0 je v Loko prispel dedek Mraz. Vsi otroci in tudi nekateri star\u0161i so ga \u017ee nestrpno pri\u010dakovali v skupnem prostoru P\u0160 Loka pri \u017dusmu. Najprej so si ogledali pou\u010dno in zabavno igrico\u00a0Topel nasmeh dedka Mraza. Potem pa so ga le priklicali&#8230; Pri\u0161el je z dolgo palico in jih najprej toplo [&hellip;]<\/p>\n","protected":false},"author":6597,"featured_media":0,"comment_status":"closed","ping_status":"closed","sticky":false,"template":"","format":"standard","meta":{"_et_pb_use_builder":"","_et_pb_old_content":"","_et_gb_content_width":"","ngg_post_thumbnail":0,"footnotes":"","_expiration-date-status":"","_expiration-date":0,"_expiration-date-type":"","_expiration-date-categories":[],"_expiration-date-options":[]},"categories":[9,10],"tags":[],"class_list":["post-11039","post","type-post","status-publish","format-standard","hentry","category-aktualno","category-ps-loka","et-doesnt-have-format-content","et_post_format-et-post-format-standard"],"_links":{"self":[{"href":"https:\/\/www.slivnica.si\/index.php?rest_route=\/wp\/v2\/posts\/11039","targetHints":{"allow":["GET"]}}],"collection":[{"href":"https:\/\/www.slivnica.si\/index.php?rest_route=\/wp\/v2\/posts"}],"about":[{"href":"https:\/\/www.slivnica.si\/index.php?rest_route=\/wp\/v2\/types\/post"}],"author":[{"embeddable":true,"href":"https:\/\/www.slivnica.si\/index.php?rest_route=\/wp\/v2\/users\/6597"}],"replies":[{"embeddable":true,"href":"https:\/\/www.slivnica.si\/index.php?rest_route=%2Fwp%2Fv2%2Fcomments&post=11039"}],"version-history":[{"count":3,"href":"https:\/\/www.slivnica.si\/index.php?rest_route=\/wp\/v2\/posts\/11039\/revisions"}],"predecessor-version":[{"id":11045,"href":"https:\/\/www.slivnica.si\/index.php?rest_route=\/wp\/v2\/posts\/11039\/revisions\/11045"}],"wp:attachment":[{"href":"https:\/\/www.slivnica.si\/index.php?rest_route=%2Fwp%2Fv2%2Fmedia&parent=11039"}],"wp:term":[{"taxonomy":"category","embeddable":true,"href":"https:\/\/www.slivnica.si\/index.php?rest_route=%2Fwp%2Fv2%2Fcategories&post=11039"},{"taxonomy":"post_tag","embeddable":true,"href":"https:\/\/www.slivnica.si\/index.php?rest_route=%2Fwp%2Fv2%2Ftags&post=11039"}],"curies":[{"name":"wp","href":"https:\/\/api.w.org\/{rel}","templated":true}]}}