{"id":11063,"date":"2019-12-22T17:24:12","date_gmt":"2019-12-22T16:24:12","guid":{"rendered":"http:\/\/slivnica.splet.arnes.si\/?p=11063"},"modified":"2019-12-22T19:10:53","modified_gmt":"2019-12-22T18:10:53","slug":"dedek-mraz-obiskal-prevorje","status":"publish","type":"post","link":"https:\/\/www.slivnica.si\/?p=11063","title":{"rendered":"Dedek Mraz obiskal Prevorje"},"content":{"rendered":"<p>\u00bb<em>Siva ku\u010dma, bela brada, topel ko\u017euh, zvrhan ko\u0161\u2026\u00ab<\/em> je v <strong><em>petek, 20.12.2019<\/em><\/strong> odmevalo po ve\u010dnamenskem prostoru <strong>P\u0160 Prevorje<\/strong>, namre\u010d obiskal nas je \u0161e en dobri mo\u017e, <strong>Dedek Mraz. <\/strong>Skupaj z otroki je zapel, celo zaplesal, najmlaj\u0161im razdelil darila in obljubil, da ob letu spet pride naokrog.<\/p>\n<p>Pred prihodom Dedka Mraza so nam u\u010denci <strong>dramske skupine iz O\u0160 Dramlje<\/strong> pod vodstvom <strong>gospe Anice \u010cede<\/strong> zaigrali igrico, nad katero smo bili vsi zelo navdu\u0161eni. Prav tako so nas s svojim nastopom navdu\u0161ili tudi vrt\u010devski otroci, Jan Jev\u0161nik na harmoniki, Bla\u0161ka Vinkler in Monika Opre\u0161nik na citrah, plesalke in pevski zbor. Dru\u017eenje z Dedkom Mrazom je v nas prebudilo prazni\u010dno razpolo\u017eenje in nam polep\u0161alo predprazni\u010dne dni.ngg_shortcode_0_placeholder<\/p>\n","protected":false},"excerpt":{"rendered":"<p>\u00bbSiva ku\u010dma, bela brada, topel ko\u017euh, zvrhan ko\u0161\u2026\u00ab je v petek, 20.12.2019 odmevalo po ve\u010dnamenskem prostoru P\u0160 Prevorje, namre\u010d obiskal nas je \u0161e en dobri mo\u017e, Dedek Mraz. Skupaj z otroki je zapel, celo zaplesal, najmlaj\u0161im razdelil darila in obljubil, da ob letu spet pride naokrog. Pred prihodom Dedka Mraza so nam u\u010denci dramske skupine [&hellip;]<\/p>\n","protected":false},"author":6601,"featured_media":0,"comment_status":"closed","ping_status":"closed","sticky":false,"template":"","format":"standard","meta":{"_et_pb_use_builder":"","_et_pb_old_content":"","_et_gb_content_width":"","ngg_post_thumbnail":0,"footnotes":"","_expiration-date-status":"","_expiration-date":0,"_expiration-date-type":"","_expiration-date-categories":[],"_expiration-date-options":[]},"categories":[11],"tags":[],"class_list":["post-11063","post","type-post","status-publish","format-standard","hentry","category-ps-prevorje","et-doesnt-have-format-content","et_post_format-et-post-format-standard"],"_links":{"self":[{"href":"https:\/\/www.slivnica.si\/index.php?rest_route=\/wp\/v2\/posts\/11063","targetHints":{"allow":["GET"]}}],"collection":[{"href":"https:\/\/www.slivnica.si\/index.php?rest_route=\/wp\/v2\/posts"}],"about":[{"href":"https:\/\/www.slivnica.si\/index.php?rest_route=\/wp\/v2\/types\/post"}],"author":[{"embeddable":true,"href":"https:\/\/www.slivnica.si\/index.php?rest_route=\/wp\/v2\/users\/6601"}],"replies":[{"embeddable":true,"href":"https:\/\/www.slivnica.si\/index.php?rest_route=%2Fwp%2Fv2%2Fcomments&post=11063"}],"version-history":[{"count":3,"href":"https:\/\/www.slivnica.si\/index.php?rest_route=\/wp\/v2\/posts\/11063\/revisions"}],"predecessor-version":[{"id":11069,"href":"https:\/\/www.slivnica.si\/index.php?rest_route=\/wp\/v2\/posts\/11063\/revisions\/11069"}],"wp:attachment":[{"href":"https:\/\/www.slivnica.si\/index.php?rest_route=%2Fwp%2Fv2%2Fmedia&parent=11063"}],"wp:term":[{"taxonomy":"category","embeddable":true,"href":"https:\/\/www.slivnica.si\/index.php?rest_route=%2Fwp%2Fv2%2Fcategories&post=11063"},{"taxonomy":"post_tag","embeddable":true,"href":"https:\/\/www.slivnica.si\/index.php?rest_route=%2Fwp%2Fv2%2Ftags&post=11063"}],"curies":[{"name":"wp","href":"https:\/\/api.w.org\/{rel}","templated":true}]}}