{"id":11073,"date":"2019-12-23T12:02:26","date_gmt":"2019-12-23T11:02:26","guid":{"rendered":"http:\/\/slivnica.splet.arnes.si\/?p=11073"},"modified":"2019-12-23T12:02:26","modified_gmt":"2019-12-23T11:02:26","slug":"v-gorici-obelezili-prihajajoce-praznike","status":"publish","type":"post","link":"https:\/\/www.slivnica.si\/?p=11073","title":{"rendered":"V Gorici obele\u017eili prihajajo\u010de praznike"},"content":{"rendered":"<p>V ponedeljek, 23. decembra, je na O\u0160 Slivnica pri Celju \u017ee vladalo prazni\u010dno vzdu\u0161je. S kratko prireditvijo smo obele\u017eili prihajajo\u010de praznike. Voditelji Maj, Sara, Nik in Ana so nas iz udobja doma\u010dega naslonja\u010da in ob okra\u0161eni novoletni jelki, popeljali skozi pester program, na katerem ni manjkalo petja, deklamacij, igranja na in\u0161trumente in plesa.<\/p>\nngg_shortcode_0_placeholder\n<p>&nbsp;<\/p>\n","protected":false},"excerpt":{"rendered":"<p>V ponedeljek, 23. decembra, je na O\u0160 Slivnica pri Celju \u017ee vladalo prazni\u010dno vzdu\u0161je. S kratko prireditvijo smo obele\u017eili prihajajo\u010de praznike. Voditelji Maj, Sara, Nik in Ana so nas iz udobja doma\u010dega naslonja\u010da in ob okra\u0161eni novoletni jelki, popeljali skozi pester program, na katerem ni manjkalo petja, deklamacij, igranja na in\u0161trumente in plesa. &nbsp;<\/p>\n","protected":false},"author":25171,"featured_media":0,"comment_status":"closed","ping_status":"closed","sticky":false,"template":"","format":"standard","meta":{"_et_pb_use_builder":"","_et_pb_old_content":"","_et_gb_content_width":"","ngg_post_thumbnail":0,"footnotes":"","_expiration-date-status":"","_expiration-date":0,"_expiration-date-type":"","_expiration-date-categories":[],"_expiration-date-options":[]},"categories":[9],"tags":[],"class_list":["post-11073","post","type-post","status-publish","format-standard","hentry","category-aktualno","et-doesnt-have-format-content","et_post_format-et-post-format-standard"],"_links":{"self":[{"href":"https:\/\/www.slivnica.si\/index.php?rest_route=\/wp\/v2\/posts\/11073","targetHints":{"allow":["GET"]}}],"collection":[{"href":"https:\/\/www.slivnica.si\/index.php?rest_route=\/wp\/v2\/posts"}],"about":[{"href":"https:\/\/www.slivnica.si\/index.php?rest_route=\/wp\/v2\/types\/post"}],"author":[{"embeddable":true,"href":"https:\/\/www.slivnica.si\/index.php?rest_route=\/wp\/v2\/users\/25171"}],"replies":[{"embeddable":true,"href":"https:\/\/www.slivnica.si\/index.php?rest_route=%2Fwp%2Fv2%2Fcomments&post=11073"}],"version-history":[{"count":5,"href":"https:\/\/www.slivnica.si\/index.php?rest_route=\/wp\/v2\/posts\/11073\/revisions"}],"predecessor-version":[{"id":11083,"href":"https:\/\/www.slivnica.si\/index.php?rest_route=\/wp\/v2\/posts\/11073\/revisions\/11083"}],"wp:attachment":[{"href":"https:\/\/www.slivnica.si\/index.php?rest_route=%2Fwp%2Fv2%2Fmedia&parent=11073"}],"wp:term":[{"taxonomy":"category","embeddable":true,"href":"https:\/\/www.slivnica.si\/index.php?rest_route=%2Fwp%2Fv2%2Fcategories&post=11073"},{"taxonomy":"post_tag","embeddable":true,"href":"https:\/\/www.slivnica.si\/index.php?rest_route=%2Fwp%2Fv2%2Ftags&post=11073"}],"curies":[{"name":"wp","href":"https:\/\/api.w.org\/{rel}","templated":true}]}}