{"id":11103,"date":"2019-12-24T13:08:51","date_gmt":"2019-12-24T12:08:51","guid":{"rendered":"http:\/\/slivnica.splet.arnes.si\/?p=11103"},"modified":"2019-12-24T13:13:21","modified_gmt":"2019-12-24T12:13:21","slug":"proslava-in-predbozicno-rajanje-na-prevorju","status":"publish","type":"post","link":"https:\/\/www.slivnica.si\/?p=11103","title":{"rendered":"Proslava in predbo\u017ei\u010dno rajanje na Prevorju"},"content":{"rendered":"<p><img loading=\"lazy\" decoding=\"async\" class=\"irc_mut aligncenter\" src=\"https:\/\/encrypted-tbn0.gstatic.com\/images?q=tbn:ANd9GcQDSjDsOqwaEbGSc8XzH27P_mChg9XtP8UieRtaxONZEa0BmuSN&amp;s\" alt=\"Povezana slika\" width=\"366\" height=\"96\" \/><\/p>\n<p>S <strong>kulturnim programom<\/strong> smo tudi v leto\u0161njem \u0161olskem letu o<strong>bele\u017eili prihajajo\u010de bo\u017ei\u010dno-novoletne praznike<\/strong> na Prevorju. Po proslavi smo si <strong>podelili<\/strong> <strong>bo\u017ei\u010dna jabolka sre\u010de<\/strong> s prazni\u010dnim vo\u0161\u010dilom in veselo <strong>zarajali ob zvokih harmonike<\/strong> izpod spretnih prostov <strong>\u017dana, Kena in Jana.<\/strong><\/p>\n<p><em><strong>\u017delimo vam prijetne in umirjene bo\u017ei\u010dno-novoletne praznike.<\/strong><\/em><\/p>\nngg_shortcode_0_placeholder\n","protected":false},"excerpt":{"rendered":"<p>S kulturnim programom smo tudi v leto\u0161njem \u0161olskem letu obele\u017eili prihajajo\u010de bo\u017ei\u010dno-novoletne praznike na Prevorju. Po proslavi smo si podelili bo\u017ei\u010dna jabolka sre\u010de s prazni\u010dnim vo\u0161\u010dilom in veselo zarajali ob zvokih harmonike izpod spretnih prostov \u017dana, Kena in Jana. \u017delimo vam prijetne in umirjene bo\u017ei\u010dno-novoletne praznike.<\/p>\n","protected":false},"author":6009,"featured_media":0,"comment_status":"closed","ping_status":"closed","sticky":false,"template":"","format":"standard","meta":{"_et_pb_use_builder":"","_et_pb_old_content":"","_et_gb_content_width":"","ngg_post_thumbnail":0,"footnotes":"","_expiration-date-status":"","_expiration-date":0,"_expiration-date-type":"","_expiration-date-categories":[],"_expiration-date-options":[]},"categories":[11],"tags":[],"class_list":["post-11103","post","type-post","status-publish","format-standard","hentry","category-ps-prevorje","et-doesnt-have-format-content","et_post_format-et-post-format-standard"],"_links":{"self":[{"href":"https:\/\/www.slivnica.si\/index.php?rest_route=\/wp\/v2\/posts\/11103","targetHints":{"allow":["GET"]}}],"collection":[{"href":"https:\/\/www.slivnica.si\/index.php?rest_route=\/wp\/v2\/posts"}],"about":[{"href":"https:\/\/www.slivnica.si\/index.php?rest_route=\/wp\/v2\/types\/post"}],"author":[{"embeddable":true,"href":"https:\/\/www.slivnica.si\/index.php?rest_route=\/wp\/v2\/users\/6009"}],"replies":[{"embeddable":true,"href":"https:\/\/www.slivnica.si\/index.php?rest_route=%2Fwp%2Fv2%2Fcomments&post=11103"}],"version-history":[{"count":2,"href":"https:\/\/www.slivnica.si\/index.php?rest_route=\/wp\/v2\/posts\/11103\/revisions"}],"predecessor-version":[{"id":11107,"href":"https:\/\/www.slivnica.si\/index.php?rest_route=\/wp\/v2\/posts\/11103\/revisions\/11107"}],"wp:attachment":[{"href":"https:\/\/www.slivnica.si\/index.php?rest_route=%2Fwp%2Fv2%2Fmedia&parent=11103"}],"wp:term":[{"taxonomy":"category","embeddable":true,"href":"https:\/\/www.slivnica.si\/index.php?rest_route=%2Fwp%2Fv2%2Fcategories&post=11103"},{"taxonomy":"post_tag","embeddable":true,"href":"https:\/\/www.slivnica.si\/index.php?rest_route=%2Fwp%2Fv2%2Ftags&post=11103"}],"curies":[{"name":"wp","href":"https:\/\/api.w.org\/{rel}","templated":true}]}}