{"id":11331,"date":"2020-02-17T14:59:25","date_gmt":"2020-02-17T13:59:25","guid":{"rendered":"http:\/\/slivnica.splet.arnes.si\/?p=11331"},"modified":"2020-02-17T14:59:25","modified_gmt":"2020-02-17T13:59:25","slug":"zakaj-je-smreka-tudi-pozimi-zelena","status":"publish","type":"post","link":"https:\/\/www.slivnica.si\/?p=11331","title":{"rendered":"Zakaj je smreka tudi pozimi zelena?"},"content":{"rendered":"<p><em>&#8220;Neko\u010d, pred davnimi \u010dasi, so bila vsa drevesa v gozdu vse leto zelena. Zgodilo se je, da je skozi gozd letela bolna ta\u0161\u010dica, ki je iskala dom. Sedla je na&#8230;&#8221;<\/em><\/p>\n<p><img loading=\"lazy\" decoding=\"async\" class=\"aligncenter\" src=\"https:\/\/notranjski-park.si\/upload\/filemanager\/content-galleries\/tascica\/c_2232_v.jpg\" alt=\"Rezultat iskanja slik za ta\u0161\u010dica\" width=\"132\" height=\"132\" \/><\/p>\n<p><strong>Takole smo poslu\u0161ali ljudsko pravljico pod kro\u0161njami&#8230;<\/strong><\/p>\n<p><strong>iskali umetni\u0161ki navdih ter po skupinah ustvarili vsak svojo prijazno smreko, ki varuje pti\u010dico.<\/strong><\/p>\n<p>Likovno-fotografski kro\u017eek<\/p>\nngg_shortcode_0_placeholder\n","protected":false},"excerpt":{"rendered":"<p>&#8220;Neko\u010d, pred davnimi \u010dasi, so bila vsa drevesa v gozdu vse leto zelena. Zgodilo se je, da je skozi gozd letela bolna ta\u0161\u010dica, ki je iskala dom. Sedla je na&#8230;&#8221; Takole smo poslu\u0161ali ljudsko pravljico pod kro\u0161njami&#8230; iskali umetni\u0161ki navdih ter po skupinah ustvarili vsak svojo prijazno smreko, ki varuje pti\u010dico. Likovno-fotografski kro\u017eek<\/p>\n","protected":false},"author":7958,"featured_media":0,"comment_status":"closed","ping_status":"closed","sticky":false,"template":"","format":"standard","meta":{"_et_pb_use_builder":"","_et_pb_old_content":"","_et_gb_content_width":"","ngg_post_thumbnail":0,"footnotes":"","_expiration-date-status":"","_expiration-date":0,"_expiration-date-type":"","_expiration-date-categories":[],"_expiration-date-options":[]},"categories":[9],"tags":[],"class_list":["post-11331","post","type-post","status-publish","format-standard","hentry","category-aktualno","et-doesnt-have-format-content","et_post_format-et-post-format-standard"],"_links":{"self":[{"href":"https:\/\/www.slivnica.si\/index.php?rest_route=\/wp\/v2\/posts\/11331","targetHints":{"allow":["GET"]}}],"collection":[{"href":"https:\/\/www.slivnica.si\/index.php?rest_route=\/wp\/v2\/posts"}],"about":[{"href":"https:\/\/www.slivnica.si\/index.php?rest_route=\/wp\/v2\/types\/post"}],"author":[{"embeddable":true,"href":"https:\/\/www.slivnica.si\/index.php?rest_route=\/wp\/v2\/users\/7958"}],"replies":[{"embeddable":true,"href":"https:\/\/www.slivnica.si\/index.php?rest_route=%2Fwp%2Fv2%2Fcomments&post=11331"}],"version-history":[{"count":2,"href":"https:\/\/www.slivnica.si\/index.php?rest_route=\/wp\/v2\/posts\/11331\/revisions"}],"predecessor-version":[{"id":11335,"href":"https:\/\/www.slivnica.si\/index.php?rest_route=\/wp\/v2\/posts\/11331\/revisions\/11335"}],"wp:attachment":[{"href":"https:\/\/www.slivnica.si\/index.php?rest_route=%2Fwp%2Fv2%2Fmedia&parent=11331"}],"wp:term":[{"taxonomy":"category","embeddable":true,"href":"https:\/\/www.slivnica.si\/index.php?rest_route=%2Fwp%2Fv2%2Fcategories&post=11331"},{"taxonomy":"post_tag","embeddable":true,"href":"https:\/\/www.slivnica.si\/index.php?rest_route=%2Fwp%2Fv2%2Ftags&post=11331"}],"curies":[{"name":"wp","href":"https:\/\/api.w.org\/{rel}","templated":true}]}}