{"id":33792,"date":"2026-08-31T14:27:07","date_gmt":"2026-08-31T12:27:07","guid":{"rendered":"https:\/\/slivnica.splet.arnes.si\/?p=33792"},"modified":"2026-08-31T14:27:59","modified_gmt":"2026-08-31T12:27:59","slug":"poslanica-zupana-ob-zacetku-solskega-leta-2026-2027","status":"publish","type":"post","link":"https:\/\/www.slivnica.si\/?p=33792","title":{"rendered":"Poslanica \u017eupana ob za\u010detku \u0161olskega leta 2026\/2027"},"content":{"rendered":"<p>Poslanica \u017eupana mag. Marka Diacija ob za\u010detku \u0161olskega leta 2026\/2027.<\/p>\n<p>&nbsp;<\/p>\n<p><iframe loading=\"lazy\" title=\"Poslanica \u017eupana - \u0161ol. l. 2026\/27\" width=\"1080\" height=\"608\" src=\"https:\/\/www.youtube.com\/embed\/AbZgsdBd9S8?feature=oembed\" frameborder=\"0\" allow=\"accelerometer; autoplay; clipboard-write; encrypted-media; gyroscope; picture-in-picture; web-share\" referrerpolicy=\"strict-origin-when-cross-origin\" allowfullscreen><\/iframe><\/p>\n<p>&nbsp;<\/p>\n","protected":false},"excerpt":{"rendered":"<p>Poslanica \u017eupana mag. Marka Diacija ob za\u010detku \u0161olskega leta 2026\/2027. &nbsp; &nbsp;<\/p>\n","protected":false},"author":91868,"featured_media":0,"comment_status":"closed","ping_status":"closed","sticky":false,"template":"","format":"standard","meta":{"_et_pb_use_builder":"","_et_pb_old_content":"","_et_gb_content_width":"","ngg_post_thumbnail":0,"footnotes":""},"categories":[9],"tags":[],"class_list":["post-33792","post","type-post","status-publish","format-standard","hentry","category-aktualno","et-doesnt-have-format-content","et_post_format-et-post-format-standard"],"publishpress_future_action":{"enabled":false,"date":"2026-09-07 16:31:51","action":"change-status","newStatus":"draft","terms":[],"taxonomy":"category","extraData":[]},"publishpress_future_workflow_manual_trigger":{"enabledWorkflows":[]},"_links":{"self":[{"href":"https:\/\/www.slivnica.si\/index.php?rest_route=\/wp\/v2\/posts\/33792","targetHints":{"allow":["GET"]}}],"collection":[{"href":"https:\/\/www.slivnica.si\/index.php?rest_route=\/wp\/v2\/posts"}],"about":[{"href":"https:\/\/www.slivnica.si\/index.php?rest_route=\/wp\/v2\/types\/post"}],"author":[{"embeddable":true,"href":"https:\/\/www.slivnica.si\/index.php?rest_route=\/wp\/v2\/users\/91868"}],"replies":[{"embeddable":true,"href":"https:\/\/www.slivnica.si\/index.php?rest_route=%2Fwp%2Fv2%2Fcomments&post=33792"}],"version-history":[{"count":4,"href":"https:\/\/www.slivnica.si\/index.php?rest_route=\/wp\/v2\/posts\/33792\/revisions"}],"predecessor-version":[{"id":33800,"href":"https:\/\/www.slivnica.si\/index.php?rest_route=\/wp\/v2\/posts\/33792\/revisions\/33800"}],"wp:attachment":[{"href":"https:\/\/www.slivnica.si\/index.php?rest_route=%2Fwp%2Fv2%2Fmedia&parent=33792"}],"wp:term":[{"taxonomy":"category","embeddable":true,"href":"https:\/\/www.slivnica.si\/index.php?rest_route=%2Fwp%2Fv2%2Fcategories&post=33792"},{"taxonomy":"post_tag","embeddable":true,"href":"https:\/\/www.slivnica.si\/index.php?rest_route=%2Fwp%2Fv2%2Ftags&post=33792"}],"curies":[{"name":"wp","href":"https:\/\/api.w.org\/{rel}","templated":true}]}}