{"id":3991,"date":"2017-06-14T22:12:37","date_gmt":"2017-06-14T20:12:37","guid":{"rendered":"http:\/\/slivnica.splet.arnes.si\/?p=3991"},"modified":"2017-06-14T22:12:37","modified_gmt":"2017-06-14T20:12:37","slug":"prikazovalnik-hitrosti-v-gorici-pri-slivnici","status":"publish","type":"post","link":"https:\/\/www.slivnica.si\/?p=3991","title":{"rendered":"Prikazovalnik hitrosti v Gorici pri Slivnici"},"content":{"rendered":"<p>V sredo, 13. 6. 2017, so si u\u010denci 1. in 2. razreda O\u0160 Slivnica pri Celju z razredni\u010darkama Nadjo Ivanu\u0161a in Polonco Jamnikar, pomo\u010dnico ravanateljice Majdo Pinter Zeli\u010d in ravnateljico Marjet Ko\u0161ak ogledali prikazovalnik hitrosti, ki ga je Ob\u010dina \u0160entjur v sodelovanju z Zavarovalnico Triglav postavila v Gorici pri Slivnici. Pridru\u017eil se jim je \u017eupan Ob\u010dine \u0160entjur mag. Marko Diaci. U\u010denci so zapeli pesmice o prometu, \u017eupan pa je poudaril pomembnost prikazovalnika, ki bo skrbel\u00a0 za umirjanje prometa in varnej\u0161o \u0161olsko pot.<\/p>\n<p><a href=\"http:\/\/slivnica.splet.arnes.si\/files\/2017\/06\/prikazovalnik-1_m.jpg\"><img loading=\"lazy\" decoding=\"async\" class=\"alignnone size-medium wp-image-3999\" src=\"http:\/\/slivnica.splet.arnes.si\/files\/2017\/06\/prikazovalnik-1_m-225x300.jpg\" alt=\"\" width=\"225\" height=\"300\" srcset=\"https:\/\/www.slivnica.si\/files\/2017\/06\/prikazovalnik-1_m-225x300.jpg 225w, https:\/\/www.slivnica.si\/files\/2017\/06\/prikazovalnik-1_m-768x1024.jpg 768w, https:\/\/www.slivnica.si\/files\/2017\/06\/prikazovalnik-1_m-1080x1440.jpg 1080w, https:\/\/www.slivnica.si\/files\/2017\/06\/prikazovalnik-1_m.jpg 1512w\" sizes=\"(max-width: 225px) 100vw, 225px\" \/>\u00a0\u00a0\u00a0\u00a0\u00a0 <\/a><a href=\"http:\/\/slivnica.splet.arnes.si\/files\/2017\/06\/prikazovalnik-3m.jpg\"><img loading=\"lazy\" decoding=\"async\" class=\"alignnone size-medium wp-image-4001\" src=\"http:\/\/slivnica.splet.arnes.si\/files\/2017\/06\/prikazovalnik-3m-300x225.jpg\" alt=\"\" width=\"300\" height=\"225\" srcset=\"https:\/\/www.slivnica.si\/files\/2017\/06\/prikazovalnik-3m-300x225.jpg 300w, https:\/\/www.slivnica.si\/files\/2017\/06\/prikazovalnik-3m-768x576.jpg 768w, https:\/\/www.slivnica.si\/files\/2017\/06\/prikazovalnik-3m-1024x768.jpg 1024w, https:\/\/www.slivnica.si\/files\/2017\/06\/prikazovalnik-3m-510x382.jpg 510w, https:\/\/www.slivnica.si\/files\/2017\/06\/prikazovalnik-3m-1080x810.jpg 1080w, https:\/\/www.slivnica.si\/files\/2017\/06\/prikazovalnik-3m.jpg 2016w\" sizes=\"(max-width: 300px) 100vw, 300px\" \/><\/a><\/p>\n","protected":false},"excerpt":{"rendered":"<p>V sredo, 13. 6. 2017, so si u\u010denci 1. in 2. razreda O\u0160 Slivnica pri Celju z razredni\u010darkama Nadjo Ivanu\u0161a in Polonco Jamnikar, pomo\u010dnico ravanateljice Majdo Pinter Zeli\u010d in ravnateljico Marjet Ko\u0161ak ogledali prikazovalnik hitrosti, ki ga je Ob\u010dina \u0160entjur v sodelovanju z Zavarovalnico Triglav postavila v Gorici pri Slivnici. Pridru\u017eil se jim je \u017eupan [&hellip;]<\/p>\n","protected":false},"author":5705,"featured_media":0,"comment_status":"closed","ping_status":"closed","sticky":false,"template":"","format":"standard","meta":{"_et_pb_use_builder":"","_et_pb_old_content":"","_et_gb_content_width":"","ngg_post_thumbnail":0,"footnotes":"","_expiration-date-status":"","_expiration-date":0,"_expiration-date-type":"","_expiration-date-categories":[],"_expiration-date-options":[]},"categories":[9],"tags":[],"class_list":["post-3991","post","type-post","status-publish","format-standard","hentry","category-aktualno","et-doesnt-have-format-content","et_post_format-et-post-format-standard"],"_links":{"self":[{"href":"https:\/\/www.slivnica.si\/index.php?rest_route=\/wp\/v2\/posts\/3991","targetHints":{"allow":["GET"]}}],"collection":[{"href":"https:\/\/www.slivnica.si\/index.php?rest_route=\/wp\/v2\/posts"}],"about":[{"href":"https:\/\/www.slivnica.si\/index.php?rest_route=\/wp\/v2\/types\/post"}],"author":[{"embeddable":true,"href":"https:\/\/www.slivnica.si\/index.php?rest_route=\/wp\/v2\/users\/5705"}],"replies":[{"embeddable":true,"href":"https:\/\/www.slivnica.si\/index.php?rest_route=%2Fwp%2Fv2%2Fcomments&post=3991"}],"version-history":[{"count":1,"href":"https:\/\/www.slivnica.si\/index.php?rest_route=\/wp\/v2\/posts\/3991\/revisions"}],"predecessor-version":[{"id":4003,"href":"https:\/\/www.slivnica.si\/index.php?rest_route=\/wp\/v2\/posts\/3991\/revisions\/4003"}],"wp:attachment":[{"href":"https:\/\/www.slivnica.si\/index.php?rest_route=%2Fwp%2Fv2%2Fmedia&parent=3991"}],"wp:term":[{"taxonomy":"category","embeddable":true,"href":"https:\/\/www.slivnica.si\/index.php?rest_route=%2Fwp%2Fv2%2Fcategories&post=3991"},{"taxonomy":"post_tag","embeddable":true,"href":"https:\/\/www.slivnica.si\/index.php?rest_route=%2Fwp%2Fv2%2Ftags&post=3991"}],"curies":[{"name":"wp","href":"https:\/\/api.w.org\/{rel}","templated":true}]}}