{"id":4035,"date":"2017-06-20T23:26:38","date_gmt":"2017-06-20T21:26:38","guid":{"rendered":"http:\/\/slivnica.splet.arnes.si\/?p=4035"},"modified":"2017-06-20T23:26:38","modified_gmt":"2017-06-20T21:26:38","slug":"locani-po-zusemski-grajski-ucni-poti","status":"publish","type":"post","link":"https:\/\/www.slivnica.si\/?p=4035","title":{"rendered":"Lo\u010dani po \u017eusemski Grajski u\u010dni poti"},"content":{"rendered":"<p>V torek, 20. 6. 2017, smo na P\u0160 Loka imeli \u0161e zadnji \u0161portni dan. \u017de na vse zgodaj smo se podali na Grajsko u\u010dno pot \u017dusem, ki smo jo pri\u010deli pri dobrinski \u0161oli, kjer nam jo je gospa Danica Recko\u00a0najprej na kratko predstavila, nato pa nas je popeljala \u0161e po njenih \u017eal zapu\u0161\u010denih u\u010dilnicah in drugih prostorih.\u00a0Po ogledu\u00a0smo se povzpeli na hrib\u010dek, kjer smo se sre\u010dali z \u017earkom in kapljico, nato smo si ogledali drevo Mrazov \u0161kor\u017e, sledila je malica in zatem\u00a0razgibana pot\u00a0proti Javor\u0161ici in \u0161e v dolino do na\u0161e \u017ee te\u017eko pri\u010dakovane \u0161ole. Kljub temu da je bila pot precej vro\u010da in dolga, smo se zaradi vseh dogodiv\u0161\u010din, ki so se nam pripetile, in na\u0161ega dru\u017eenja, imeli res \u010dudovito.<\/p>\nngg_shortcode_0_placeholder\n","protected":false},"excerpt":{"rendered":"<p>V torek, 20. 6. 2017, smo na P\u0160 Loka imeli \u0161e zadnji \u0161portni dan. \u017de na vse zgodaj smo se podali na Grajsko u\u010dno pot \u017dusem, ki smo jo pri\u010deli pri dobrinski \u0161oli, kjer nam jo je gospa Danica Recko\u00a0najprej na kratko predstavila, nato pa nas je popeljala \u0161e po njenih \u017eal zapu\u0161\u010denih u\u010dilnicah in [&hellip;]<\/p>\n","protected":false},"author":6078,"featured_media":0,"comment_status":"closed","ping_status":"closed","sticky":false,"template":"","format":"standard","meta":{"_et_pb_use_builder":"","_et_pb_old_content":"","_et_gb_content_width":"","ngg_post_thumbnail":0,"footnotes":"","_expiration-date-status":"","_expiration-date":0,"_expiration-date-type":"","_expiration-date-categories":[],"_expiration-date-options":[]},"categories":[10],"tags":[],"class_list":["post-4035","post","type-post","status-publish","format-standard","hentry","category-ps-loka","et-doesnt-have-format-content","et_post_format-et-post-format-standard"],"_links":{"self":[{"href":"https:\/\/www.slivnica.si\/index.php?rest_route=\/wp\/v2\/posts\/4035","targetHints":{"allow":["GET"]}}],"collection":[{"href":"https:\/\/www.slivnica.si\/index.php?rest_route=\/wp\/v2\/posts"}],"about":[{"href":"https:\/\/www.slivnica.si\/index.php?rest_route=\/wp\/v2\/types\/post"}],"author":[{"embeddable":true,"href":"https:\/\/www.slivnica.si\/index.php?rest_route=\/wp\/v2\/users\/6078"}],"replies":[{"embeddable":true,"href":"https:\/\/www.slivnica.si\/index.php?rest_route=%2Fwp%2Fv2%2Fcomments&post=4035"}],"version-history":[{"count":2,"href":"https:\/\/www.slivnica.si\/index.php?rest_route=\/wp\/v2\/posts\/4035\/revisions"}],"predecessor-version":[{"id":4039,"href":"https:\/\/www.slivnica.si\/index.php?rest_route=\/wp\/v2\/posts\/4035\/revisions\/4039"}],"wp:attachment":[{"href":"https:\/\/www.slivnica.si\/index.php?rest_route=%2Fwp%2Fv2%2Fmedia&parent=4035"}],"wp:term":[{"taxonomy":"category","embeddable":true,"href":"https:\/\/www.slivnica.si\/index.php?rest_route=%2Fwp%2Fv2%2Fcategories&post=4035"},{"taxonomy":"post_tag","embeddable":true,"href":"https:\/\/www.slivnica.si\/index.php?rest_route=%2Fwp%2Fv2%2Ftags&post=4035"}],"curies":[{"name":"wp","href":"https:\/\/api.w.org\/{rel}","templated":true}]}}