{"id":4041,"date":"2017-06-22T08:45:50","date_gmt":"2017-06-22T06:45:50","guid":{"rendered":"http:\/\/slivnica.splet.arnes.si\/?p=4041"},"modified":"2017-06-22T13:30:40","modified_gmt":"2017-06-22T11:30:40","slug":"sprejem-pri-zupanu","status":"publish","type":"post","link":"https:\/\/www.slivnica.si\/?p=4041","title":{"rendered":"Sprejem pri \u017eupanu"},"content":{"rendered":"<p>V torek, 20. 6. 2017, je \u017eupan Ob\u010dine \u0160entjur sprejel najbolj\u0161e deveto\u0161olce, njihove star\u0161e in razrednike. Med njimi je bilo tudi \u0161est u\u010dencev na\u0161e \u0161ole: Benjamin Lipnik, Gregor Mansutti, Maja Mesarec, Nika Punger\u0161ek, Patricija Turn\u0161ek in Tja\u0161a Voga. Na predlog Glasbene \u0161ole skladateljev Ipavcev pa je bil na sprejemu tudi Sebastjan Robi\u010d. Vsem u\u010dencem \u010destitamo. Ravnateljica<\/p>\nngg_shortcode_0_placeholder\n","protected":false},"excerpt":{"rendered":"<p>V torek, 20. 6. 2017, je \u017eupan Ob\u010dine \u0160entjur sprejel najbolj\u0161e deveto\u0161olce, njihove star\u0161e in razrednike. Med njimi je bilo tudi \u0161est u\u010dencev na\u0161e \u0161ole: Benjamin Lipnik, Gregor Mansutti, Maja Mesarec, Nika Punger\u0161ek, Patricija Turn\u0161ek in Tja\u0161a Voga. Na predlog Glasbene \u0161ole skladateljev Ipavcev pa je bil na sprejemu tudi Sebastjan Robi\u010d. Vsem u\u010dencem \u010destitamo. [&hellip;]<\/p>\n","protected":false},"author":5705,"featured_media":0,"comment_status":"closed","ping_status":"closed","sticky":false,"template":"","format":"standard","meta":{"_et_pb_use_builder":"","_et_pb_old_content":"","_et_gb_content_width":"","ngg_post_thumbnail":0,"footnotes":"","_expiration-date-status":"","_expiration-date":0,"_expiration-date-type":"","_expiration-date-categories":[],"_expiration-date-options":[]},"categories":[9],"tags":[],"class_list":["post-4041","post","type-post","status-publish","format-standard","hentry","category-aktualno","et-doesnt-have-format-content","et_post_format-et-post-format-standard"],"_links":{"self":[{"href":"https:\/\/www.slivnica.si\/index.php?rest_route=\/wp\/v2\/posts\/4041","targetHints":{"allow":["GET"]}}],"collection":[{"href":"https:\/\/www.slivnica.si\/index.php?rest_route=\/wp\/v2\/posts"}],"about":[{"href":"https:\/\/www.slivnica.si\/index.php?rest_route=\/wp\/v2\/types\/post"}],"author":[{"embeddable":true,"href":"https:\/\/www.slivnica.si\/index.php?rest_route=\/wp\/v2\/users\/5705"}],"replies":[{"embeddable":true,"href":"https:\/\/www.slivnica.si\/index.php?rest_route=%2Fwp%2Fv2%2Fcomments&post=4041"}],"version-history":[{"count":4,"href":"https:\/\/www.slivnica.si\/index.php?rest_route=\/wp\/v2\/posts\/4041\/revisions"}],"predecessor-version":[{"id":4057,"href":"https:\/\/www.slivnica.si\/index.php?rest_route=\/wp\/v2\/posts\/4041\/revisions\/4057"}],"wp:attachment":[{"href":"https:\/\/www.slivnica.si\/index.php?rest_route=%2Fwp%2Fv2%2Fmedia&parent=4041"}],"wp:term":[{"taxonomy":"category","embeddable":true,"href":"https:\/\/www.slivnica.si\/index.php?rest_route=%2Fwp%2Fv2%2Fcategories&post=4041"},{"taxonomy":"post_tag","embeddable":true,"href":"https:\/\/www.slivnica.si\/index.php?rest_route=%2Fwp%2Fv2%2Ftags&post=4041"}],"curies":[{"name":"wp","href":"https:\/\/api.w.org\/{rel}","templated":true}]}}