{"id":4123,"date":"2017-08-25T11:52:06","date_gmt":"2017-08-25T09:52:06","guid":{"rendered":"http:\/\/slivnica.splet.arnes.si\/?p=4123"},"modified":"2017-08-28T22:04:26","modified_gmt":"2017-08-28T20:04:26","slug":"prvi-solski-dan-na-os-slivnica-pri-celju","status":"publish","type":"post","link":"https:\/\/www.slivnica.si\/?p=4123","title":{"rendered":"Prvi \u0161olski dan na O\u0160 Slivnica pri Celju"},"content":{"rendered":"<p>V Gorici pri Slivnici se bo pouk pri\u010del <strong>za vse u\u010dence,<\/strong> razen za u\u010dence<strong> 1. razreda,<\/strong> ob 8. uri.<\/p>\n<p>S poukom bodo zaklju\u010dili:<\/p>\n<ul>\n<li>u\u010denci od 2. do 5. razreda ob 10.45 uri, takrat bo tudi odhod avtobusa (1. vo\u017enja),<\/li>\n<li>u\u010denci od 6. do 9. razreda ob 11.15 uri, ko bo odhod avtobusa (2. vo\u017enja).<\/li>\n<\/ul>\n<p>Ta dan bomo organizirali podalj\u0161ano bivanje kot obi\u010dajno.<\/p>\n<p>Za vse u\u010dence bo organizirana \u0161olska malica, kosilo in popoldanska malica pa le za u\u010dence, ki imajo prijavljena obroka. V kolikor ta dan va\u0161 otrok ne bo jedel, je potrebno obroke odjaviti.<\/p>\n<p>Prvo\u0161olci so povabljeni v \u0161olo z vabilom, pri\u010dakujemo jih ob 9. uri.<\/p>\n","protected":false},"excerpt":{"rendered":"<p>V Gorici pri Slivnici se bo pouk pri\u010del za vse u\u010dence, razen za u\u010dence 1. razreda, ob 8. uri. S poukom bodo zaklju\u010dili: u\u010denci od 2. do 5. razreda ob 10.45 uri, takrat bo tudi odhod avtobusa (1. vo\u017enja), u\u010denci od 6. do 9. razreda ob 11.15 uri, ko bo odhod avtobusa (2. vo\u017enja). Ta [&hellip;]<\/p>\n","protected":false},"author":5705,"featured_media":0,"comment_status":"closed","ping_status":"closed","sticky":false,"template":"","format":"standard","meta":{"_et_pb_use_builder":"","_et_pb_old_content":"","_et_gb_content_width":"","ngg_post_thumbnail":0,"footnotes":"","_expiration-date-status":"","_expiration-date":0,"_expiration-date-type":"","_expiration-date-categories":[],"_expiration-date-options":[]},"categories":[9],"tags":[],"class_list":["post-4123","post","type-post","status-publish","format-standard","hentry","category-aktualno","et-doesnt-have-format-content","et_post_format-et-post-format-standard"],"_links":{"self":[{"href":"https:\/\/www.slivnica.si\/index.php?rest_route=\/wp\/v2\/posts\/4123","targetHints":{"allow":["GET"]}}],"collection":[{"href":"https:\/\/www.slivnica.si\/index.php?rest_route=\/wp\/v2\/posts"}],"about":[{"href":"https:\/\/www.slivnica.si\/index.php?rest_route=\/wp\/v2\/types\/post"}],"author":[{"embeddable":true,"href":"https:\/\/www.slivnica.si\/index.php?rest_route=\/wp\/v2\/users\/5705"}],"replies":[{"embeddable":true,"href":"https:\/\/www.slivnica.si\/index.php?rest_route=%2Fwp%2Fv2%2Fcomments&post=4123"}],"version-history":[{"count":3,"href":"https:\/\/www.slivnica.si\/index.php?rest_route=\/wp\/v2\/posts\/4123\/revisions"}],"predecessor-version":[{"id":4151,"href":"https:\/\/www.slivnica.si\/index.php?rest_route=\/wp\/v2\/posts\/4123\/revisions\/4151"}],"wp:attachment":[{"href":"https:\/\/www.slivnica.si\/index.php?rest_route=%2Fwp%2Fv2%2Fmedia&parent=4123"}],"wp:term":[{"taxonomy":"category","embeddable":true,"href":"https:\/\/www.slivnica.si\/index.php?rest_route=%2Fwp%2Fv2%2Fcategories&post=4123"},{"taxonomy":"post_tag","embeddable":true,"href":"https:\/\/www.slivnica.si\/index.php?rest_route=%2Fwp%2Fv2%2Ftags&post=4123"}],"curies":[{"name":"wp","href":"https:\/\/api.w.org\/{rel}","templated":true}]}}