{"id":4127,"date":"2017-08-25T11:53:34","date_gmt":"2017-08-25T09:53:34","guid":{"rendered":"http:\/\/slivnica.splet.arnes.si\/?p=4127"},"modified":"2017-08-28T22:01:27","modified_gmt":"2017-08-28T20:01:27","slug":"prvi-solski-dan-na-ps-loka-pri-zusmu","status":"publish","type":"post","link":"https:\/\/www.slivnica.si\/?p=4127","title":{"rendered":"Prvi \u0161olski dan na P\u0160 Loka pri \u017dusmu"},"content":{"rendered":"<p>V petek, 1. 9. 2017, se bo pouk za u\u010dence od 2. do 5. razreda za\u010del ob 8. uri.<\/p>\n<p>Za vse u\u010dence bo organizirana \u0161olska malica, kosilo in popoldanska malica pa le za u\u010dence, ki imajo prijavljena obroka. V kolikor ta dan va\u0161 otrok ne bo jedel, je potrebno obroke odjaviti.<\/p>\n<p>S poukom bodo u\u010denci zaklju\u010dili ob 11.30 uri, takrat bo tudi odhod avtobusa. Zjutraj bo vozil \u0161olski avtobus kot obi\u010dajno.<\/p>\n<p>Ta dan bomo organizirali podalj\u0161ano bivanje kot obi\u010dajno.<\/p>\n<p>Prvo\u0161olci so povabljeni v \u0161olo z vabilom, pri\u010dakujemo jih ob 10. uri.<\/p>\n","protected":false},"excerpt":{"rendered":"<p>V petek, 1. 9. 2017, se bo pouk za u\u010dence od 2. do 5. razreda za\u010del ob 8. uri. Za vse u\u010dence bo organizirana \u0161olska malica, kosilo in popoldanska malica pa le za u\u010dence, ki imajo prijavljena obroka. V kolikor ta dan va\u0161 otrok ne bo jedel, je potrebno obroke odjaviti. S poukom bodo u\u010denci [&hellip;]<\/p>\n","protected":false},"author":5705,"featured_media":0,"comment_status":"closed","ping_status":"closed","sticky":false,"template":"","format":"standard","meta":{"_et_pb_use_builder":"","_et_pb_old_content":"","_et_gb_content_width":"","ngg_post_thumbnail":0,"footnotes":"","_expiration-date-status":"","_expiration-date":0,"_expiration-date-type":"","_expiration-date-categories":[],"_expiration-date-options":[]},"categories":[9],"tags":[],"class_list":["post-4127","post","type-post","status-publish","format-standard","hentry","category-aktualno","et-doesnt-have-format-content","et_post_format-et-post-format-standard"],"_links":{"self":[{"href":"https:\/\/www.slivnica.si\/index.php?rest_route=\/wp\/v2\/posts\/4127","targetHints":{"allow":["GET"]}}],"collection":[{"href":"https:\/\/www.slivnica.si\/index.php?rest_route=\/wp\/v2\/posts"}],"about":[{"href":"https:\/\/www.slivnica.si\/index.php?rest_route=\/wp\/v2\/types\/post"}],"author":[{"embeddable":true,"href":"https:\/\/www.slivnica.si\/index.php?rest_route=\/wp\/v2\/users\/5705"}],"replies":[{"embeddable":true,"href":"https:\/\/www.slivnica.si\/index.php?rest_route=%2Fwp%2Fv2%2Fcomments&post=4127"}],"version-history":[{"count":4,"href":"https:\/\/www.slivnica.si\/index.php?rest_route=\/wp\/v2\/posts\/4127\/revisions"}],"predecessor-version":[{"id":4147,"href":"https:\/\/www.slivnica.si\/index.php?rest_route=\/wp\/v2\/posts\/4127\/revisions\/4147"}],"wp:attachment":[{"href":"https:\/\/www.slivnica.si\/index.php?rest_route=%2Fwp%2Fv2%2Fmedia&parent=4127"}],"wp:term":[{"taxonomy":"category","embeddable":true,"href":"https:\/\/www.slivnica.si\/index.php?rest_route=%2Fwp%2Fv2%2Fcategories&post=4127"},{"taxonomy":"post_tag","embeddable":true,"href":"https:\/\/www.slivnica.si\/index.php?rest_route=%2Fwp%2Fv2%2Ftags&post=4127"}],"curies":[{"name":"wp","href":"https:\/\/api.w.org\/{rel}","templated":true}]}}