{"id":4131,"date":"2017-08-25T11:54:14","date_gmt":"2017-08-25T09:54:14","guid":{"rendered":"http:\/\/slivnica.splet.arnes.si\/?p=4131"},"modified":"2017-08-28T21:58:34","modified_gmt":"2017-08-28T19:58:34","slug":"prvi-solski-dan-na-ps-prevorje","status":"publish","type":"post","link":"https:\/\/www.slivnica.si\/?p=4131","title":{"rendered":"Prvi \u0161olski dan na P\u0160 Prevorje"},"content":{"rendered":"<p>V petek, 1. 9. 2017, se bo pouk za u\u010dence od 2. do 5. razreda za\u010del ob 10. uri.<\/p>\n<p>Za vse u\u010dence bo organizirana \u0161olska malica. S poukom bodo u\u010denci zaklju\u010dili ob 13.30 uri.<\/p>\n<p>Prvo\u0161olci so povabljeni v \u0161olo z vabilom, pri\u010dakujemo jih ob 12. uri.<\/p>\n<p>\u0160olski kombi bo odpeljal iz Ko\u0161nice ob 9.30. Za ostale informacije lahko star\u0161i pokli\u010dete razredni\u010darko.<\/p>\n","protected":false},"excerpt":{"rendered":"<p>V petek, 1. 9. 2017, se bo pouk za u\u010dence od 2. do 5. razreda za\u010del ob 10. uri. Za vse u\u010dence bo organizirana \u0161olska malica. S poukom bodo u\u010denci zaklju\u010dili ob 13.30 uri. Prvo\u0161olci so povabljeni v \u0161olo z vabilom, pri\u010dakujemo jih ob 12. uri. \u0160olski kombi bo odpeljal iz Ko\u0161nice ob 9.30. Za [&hellip;]<\/p>\n","protected":false},"author":5705,"featured_media":0,"comment_status":"closed","ping_status":"closed","sticky":false,"template":"","format":"standard","meta":{"_et_pb_use_builder":"","_et_pb_old_content":"","_et_gb_content_width":"","ngg_post_thumbnail":0,"footnotes":"","_expiration-date-status":"","_expiration-date":0,"_expiration-date-type":"","_expiration-date-categories":[],"_expiration-date-options":[]},"categories":[9],"tags":[],"class_list":["post-4131","post","type-post","status-publish","format-standard","hentry","category-aktualno","et-doesnt-have-format-content","et_post_format-et-post-format-standard"],"_links":{"self":[{"href":"https:\/\/www.slivnica.si\/index.php?rest_route=\/wp\/v2\/posts\/4131","targetHints":{"allow":["GET"]}}],"collection":[{"href":"https:\/\/www.slivnica.si\/index.php?rest_route=\/wp\/v2\/posts"}],"about":[{"href":"https:\/\/www.slivnica.si\/index.php?rest_route=\/wp\/v2\/types\/post"}],"author":[{"embeddable":true,"href":"https:\/\/www.slivnica.si\/index.php?rest_route=\/wp\/v2\/users\/5705"}],"replies":[{"embeddable":true,"href":"https:\/\/www.slivnica.si\/index.php?rest_route=%2Fwp%2Fv2%2Fcomments&post=4131"}],"version-history":[{"count":4,"href":"https:\/\/www.slivnica.si\/index.php?rest_route=\/wp\/v2\/posts\/4131\/revisions"}],"predecessor-version":[{"id":4143,"href":"https:\/\/www.slivnica.si\/index.php?rest_route=\/wp\/v2\/posts\/4131\/revisions\/4143"}],"wp:attachment":[{"href":"https:\/\/www.slivnica.si\/index.php?rest_route=%2Fwp%2Fv2%2Fmedia&parent=4131"}],"wp:term":[{"taxonomy":"category","embeddable":true,"href":"https:\/\/www.slivnica.si\/index.php?rest_route=%2Fwp%2Fv2%2Fcategories&post=4131"},{"taxonomy":"post_tag","embeddable":true,"href":"https:\/\/www.slivnica.si\/index.php?rest_route=%2Fwp%2Fv2%2Ftags&post=4131"}],"curies":[{"name":"wp","href":"https:\/\/api.w.org\/{rel}","templated":true}]}}