{"id":4191,"date":"2017-09-01T13:43:50","date_gmt":"2017-09-01T11:43:50","guid":{"rendered":"http:\/\/slivnica.splet.arnes.si\/?p=4191"},"modified":"2017-09-22T13:18:28","modified_gmt":"2017-09-22T11:18:28","slug":"1-solski-dan-v-loki","status":"publish","type":"post","link":"https:\/\/www.slivnica.si\/?p=4191","title":{"rendered":"1. \u0161olski dan v Loki"},"content":{"rendered":"<p>NA\u0160A \u010cETICA KORAKA,<\/p>\n<p>STRUMNO IN VESELO,<\/p>\n<p>V PRVI RAZRED ZDAJ HITIMO,<\/p>\n<p>DA SE KAJ NAU\u010cIMO.<\/p>\n<p>Za prvo\u0161olce je bil danes prav poseben dan. Prvi skok v \u0161olo so naredili ob pomo\u010di drugo\u0161olcev. Najprej so jim u\u010denci in u\u010diteljice pripravile program, nato pa so spoznali svoj razred, v katerem jih je pri\u010dakala torta. Na koncu jih je obiskal \u017eupan Marko Diaci in ravnateljica Marjeta Ko\u0161ak. Prav tako je bil poseben dan tudi za ostale u\u010dence. Skupaj smo stopili v novo \u0161olsko leto eno leto starej\u0161i in zrelej\u0161i.<\/p>\nngg_shortcode_0_placeholder\n","protected":false},"excerpt":{"rendered":"<p>NA\u0160A \u010cETICA KORAKA, STRUMNO IN VESELO, V PRVI RAZRED ZDAJ HITIMO, DA SE KAJ NAU\u010cIMO. Za prvo\u0161olce je bil danes prav poseben dan. Prvi skok v \u0161olo so naredili ob pomo\u010di drugo\u0161olcev. Najprej so jim u\u010denci in u\u010diteljice pripravile program, nato pa so spoznali svoj razred, v katerem jih je pri\u010dakala torta. Na koncu jih [&hellip;]<\/p>\n","protected":false},"author":6080,"featured_media":0,"comment_status":"closed","ping_status":"closed","sticky":false,"template":"","format":"standard","meta":{"_et_pb_use_builder":"","_et_pb_old_content":"","_et_gb_content_width":"","ngg_post_thumbnail":0,"footnotes":"","_expiration-date-status":"","_expiration-date":0,"_expiration-date-type":"","_expiration-date-categories":[],"_expiration-date-options":[]},"categories":[10],"tags":[],"class_list":["post-4191","post","type-post","status-publish","format-standard","hentry","category-ps-loka","et-doesnt-have-format-content","et_post_format-et-post-format-standard"],"_links":{"self":[{"href":"https:\/\/www.slivnica.si\/index.php?rest_route=\/wp\/v2\/posts\/4191","targetHints":{"allow":["GET"]}}],"collection":[{"href":"https:\/\/www.slivnica.si\/index.php?rest_route=\/wp\/v2\/posts"}],"about":[{"href":"https:\/\/www.slivnica.si\/index.php?rest_route=\/wp\/v2\/types\/post"}],"author":[{"embeddable":true,"href":"https:\/\/www.slivnica.si\/index.php?rest_route=\/wp\/v2\/users\/6080"}],"replies":[{"embeddable":true,"href":"https:\/\/www.slivnica.si\/index.php?rest_route=%2Fwp%2Fv2%2Fcomments&post=4191"}],"version-history":[{"count":3,"href":"https:\/\/www.slivnica.si\/index.php?rest_route=\/wp\/v2\/posts\/4191\/revisions"}],"predecessor-version":[{"id":4353,"href":"https:\/\/www.slivnica.si\/index.php?rest_route=\/wp\/v2\/posts\/4191\/revisions\/4353"}],"wp:attachment":[{"href":"https:\/\/www.slivnica.si\/index.php?rest_route=%2Fwp%2Fv2%2Fmedia&parent=4191"}],"wp:term":[{"taxonomy":"category","embeddable":true,"href":"https:\/\/www.slivnica.si\/index.php?rest_route=%2Fwp%2Fv2%2Fcategories&post=4191"},{"taxonomy":"post_tag","embeddable":true,"href":"https:\/\/www.slivnica.si\/index.php?rest_route=%2Fwp%2Fv2%2Ftags&post=4191"}],"curies":[{"name":"wp","href":"https:\/\/api.w.org\/{rel}","templated":true}]}}