{"id":4203,"date":"2017-09-01T16:14:46","date_gmt":"2017-09-01T14:14:46","guid":{"rendered":"http:\/\/slivnica.splet.arnes.si\/?p=4203"},"modified":"2017-09-01T16:14:46","modified_gmt":"2017-09-01T14:14:46","slug":"veseli-in-nasmejani-prvosolci-na-os-slivnica-pri-celju","status":"publish","type":"post","link":"https:\/\/www.slivnica.si\/?p=4203","title":{"rendered":"VESELI IN NASMEJANI PRVO\u0160OLCI NA O\u0160 SLIVNICA PRI CELJU"},"content":{"rendered":"<p>Prvi september je bil poseben dan za 22 prvo\u0161ol\u010dkov. Nasmejanih, veselih, radovednih in znanja \u017eeljnih obrazov so polni pri\u010dakovanj stopili skozi vrata u\u010denosti.<br \/>\nProgram dobrodo\u0161lice so izvedli njihovi starej\u0161i bratje in sestre, ki so s ponosom pokazali kaj so se \u017ee v \u0161oli nau\u010dili in jih sprejeli medse.<br \/>\nGospod policist je poudaril prometno varnost otrok na poti v \u0161olo in iz nje ter jim nadel rumeno rutico. Na obisk je pri\u0161el tudi Nodi, tokrat kar s kolesom. Po predstavitvi so z njim od\u0161li re\u0161iti svojo prvo \u0161olsko nalogo. Vsi so bili uspe\u0161ni, zato so dobili nagrado. To pa \u0161e ni bilo vse. Presenetil jih je tudi s slastno torto in baloni. Ta prav poseben dogodek, pa je zaklju\u010dil gospod \u017eupan, ki je obiskal prvo\u0161olce in njihove star\u0161e. Namenil jim je nekaj spodbudnih besed in u\u010dencem poklonil knjigo, rutico in kresni\u010dko.<br \/>\nBilo je \u017eivahno, igrivo, nasmejano, sladko in nepozabno.<br \/>\nNaj ta dan vsem prvo\u0161olcem in njihovim star\u0161em ostane v lepem in trajnem spominu.ngg_shortcode_0_placeholder<!--more--><\/p>\n","protected":false},"excerpt":{"rendered":"<p>Prvi september je bil poseben dan za 22 prvo\u0161ol\u010dkov. Nasmejanih, veselih, radovednih in znanja \u017eeljnih obrazov so polni pri\u010dakovanj stopili skozi vrata u\u010denosti. Program dobrodo\u0161lice so izvedli njihovi starej\u0161i bratje in sestre, ki so s ponosom pokazali kaj so se \u017ee v \u0161oli nau\u010dili in jih sprejeli medse. Gospod policist je poudaril prometno varnost otrok [&hellip;]<\/p>\n","protected":false},"author":6042,"featured_media":0,"comment_status":"closed","ping_status":"closed","sticky":false,"template":"","format":"standard","meta":{"_et_pb_use_builder":"","_et_pb_old_content":"","_et_gb_content_width":"","ngg_post_thumbnail":0,"footnotes":"","_expiration-date-status":"","_expiration-date":0,"_expiration-date-type":"","_expiration-date-categories":[],"_expiration-date-options":[]},"categories":[9],"tags":[],"class_list":["post-4203","post","type-post","status-publish","format-standard","hentry","category-aktualno","et-doesnt-have-format-content","et_post_format-et-post-format-standard"],"_links":{"self":[{"href":"https:\/\/www.slivnica.si\/index.php?rest_route=\/wp\/v2\/posts\/4203","targetHints":{"allow":["GET"]}}],"collection":[{"href":"https:\/\/www.slivnica.si\/index.php?rest_route=\/wp\/v2\/posts"}],"about":[{"href":"https:\/\/www.slivnica.si\/index.php?rest_route=\/wp\/v2\/types\/post"}],"author":[{"embeddable":true,"href":"https:\/\/www.slivnica.si\/index.php?rest_route=\/wp\/v2\/users\/6042"}],"replies":[{"embeddable":true,"href":"https:\/\/www.slivnica.si\/index.php?rest_route=%2Fwp%2Fv2%2Fcomments&post=4203"}],"version-history":[{"count":2,"href":"https:\/\/www.slivnica.si\/index.php?rest_route=\/wp\/v2\/posts\/4203\/revisions"}],"predecessor-version":[{"id":4207,"href":"https:\/\/www.slivnica.si\/index.php?rest_route=\/wp\/v2\/posts\/4203\/revisions\/4207"}],"wp:attachment":[{"href":"https:\/\/www.slivnica.si\/index.php?rest_route=%2Fwp%2Fv2%2Fmedia&parent=4203"}],"wp:term":[{"taxonomy":"category","embeddable":true,"href":"https:\/\/www.slivnica.si\/index.php?rest_route=%2Fwp%2Fv2%2Fcategories&post=4203"},{"taxonomy":"post_tag","embeddable":true,"href":"https:\/\/www.slivnica.si\/index.php?rest_route=%2Fwp%2Fv2%2Ftags&post=4203"}],"curies":[{"name":"wp","href":"https:\/\/api.w.org\/{rel}","templated":true}]}}