{"id":4233,"date":"2017-09-04T14:12:48","date_gmt":"2017-09-04T12:12:48","guid":{"rendered":"http:\/\/slivnica.splet.arnes.si\/?p=4233"},"modified":"2017-09-04T20:30:08","modified_gmt":"2017-09-04T18:30:08","slug":"spremenjen-urnik-zvonjenja-in-vozni-red","status":"publish","type":"post","link":"https:\/\/www.slivnica.si\/?p=4233","title":{"rendered":"Spremenjen urnik zvonjenja in vozni red"},"content":{"rendered":"<p>V tem \u0161olskem letu smo uvedli 20 minutni odmor za kosilo. U\u010denci od 1. do 4. razreda odidejo na kosilo po 5. u\u010dni uri. V Gorici gredo v tem \u010dasu na kosilo tudi vsi ostali u\u010denci, ki odhajajo domov s prvo vo\u017enjo. U\u010denci od 5. do 9. razreda, ki imajo 6 ur, gredo na kosilo po 6. uri.<\/p>\n<p>Spremenjen vozni red si lahko ogledate v rubriki U\u010denci\/Vozni red,<br \/>\nspremenjen urnik zvonjenja pa na\u00a0<a href=\"http:\/\/slivnica.splet.arnes.si\/files\/2017\/09\/URNIK-ZVONENJA.docx\">URNIK ZVONJENJA<\/a>.<\/p>\n","protected":false},"excerpt":{"rendered":"<p>V tem \u0161olskem letu smo uvedli 20 minutni odmor za kosilo. U\u010denci od 1. do 4. razreda odidejo na kosilo po 5. u\u010dni uri. V Gorici gredo v tem \u010dasu na kosilo tudi vsi ostali u\u010denci, ki odhajajo domov s prvo vo\u017enjo. U\u010denci od 5. do 9. razreda, ki imajo 6 ur, gredo na kosilo [&hellip;]<\/p>\n","protected":false},"author":5705,"featured_media":0,"comment_status":"closed","ping_status":"closed","sticky":false,"template":"","format":"standard","meta":{"_et_pb_use_builder":"","_et_pb_old_content":"","_et_gb_content_width":"","ngg_post_thumbnail":0,"footnotes":"","_expiration-date-status":"","_expiration-date":0,"_expiration-date-type":"","_expiration-date-categories":[],"_expiration-date-options":[]},"categories":[9],"tags":[],"class_list":["post-4233","post","type-post","status-publish","format-standard","hentry","category-aktualno","et-doesnt-have-format-content","et_post_format-et-post-format-standard"],"_links":{"self":[{"href":"https:\/\/www.slivnica.si\/index.php?rest_route=\/wp\/v2\/posts\/4233","targetHints":{"allow":["GET"]}}],"collection":[{"href":"https:\/\/www.slivnica.si\/index.php?rest_route=\/wp\/v2\/posts"}],"about":[{"href":"https:\/\/www.slivnica.si\/index.php?rest_route=\/wp\/v2\/types\/post"}],"author":[{"embeddable":true,"href":"https:\/\/www.slivnica.si\/index.php?rest_route=\/wp\/v2\/users\/5705"}],"replies":[{"embeddable":true,"href":"https:\/\/www.slivnica.si\/index.php?rest_route=%2Fwp%2Fv2%2Fcomments&post=4233"}],"version-history":[{"count":5,"href":"https:\/\/www.slivnica.si\/index.php?rest_route=\/wp\/v2\/posts\/4233\/revisions"}],"predecessor-version":[{"id":4245,"href":"https:\/\/www.slivnica.si\/index.php?rest_route=\/wp\/v2\/posts\/4233\/revisions\/4245"}],"wp:attachment":[{"href":"https:\/\/www.slivnica.si\/index.php?rest_route=%2Fwp%2Fv2%2Fmedia&parent=4233"}],"wp:term":[{"taxonomy":"category","embeddable":true,"href":"https:\/\/www.slivnica.si\/index.php?rest_route=%2Fwp%2Fv2%2Fcategories&post=4233"},{"taxonomy":"post_tag","embeddable":true,"href":"https:\/\/www.slivnica.si\/index.php?rest_route=%2Fwp%2Fv2%2Ftags&post=4233"}],"curies":[{"name":"wp","href":"https:\/\/api.w.org\/{rel}","templated":true}]}}