{"id":4305,"date":"2017-09-17T20:19:43","date_gmt":"2017-09-17T18:19:43","guid":{"rendered":"http:\/\/slivnica.splet.arnes.si\/?p=4305"},"modified":"2017-09-17T20:19:43","modified_gmt":"2017-09-17T18:19:43","slug":"ucenci-os-slivnica-pri-celju-v-urednistvu-sentjurcana","status":"publish","type":"post","link":"https:\/\/www.slivnica.si\/?p=4305","title":{"rendered":"U\u010denci O\u0160 Slivnica pri Celju v uredni\u0161tvu \u0160entjur\u010dana"},"content":{"rendered":"<p>U\u010denci na\u0161e \u0161ole in podru\u017enic radi sodelujejo pri oblikovanju \u0161olskih strani v lokalnem \u010dasopisu \u0160entjur\u010dan. Zato so bili tisti, ki radi pi\u0161ejo, v \u010detrtek, 14. septembra, povabljeni na urdni\u0161tvo \u010dasopisa v \u0160entjur.<!--more--><\/p>\n<p>Pozdravili sta jih urednica Andreja in sodelavka Ur\u0161ka. Sedmo\u0161olci <strong>Jerneja Gaj\u0161ek, Anja Skale in \u017diga Pol\u0161ak<\/strong> so se dru\u017eil \u0161e z u\u010denci \u0161ol Planina in Dobje z mentoricami. Izrazili so pohvale glede izgleda in vsebin \u010dasopisa, vendar pa so bili tudi polni dobrih idej, kako \u0161e s spremembami pritegniti tako mlaj\u0161e kot starej\u0161e bralce. Med spro\u0161\u010denim pogovorom so se sladkali s pi\u0161koti, najbolj pa jih je razveselila pica.<\/p>\n<p>Obljubili so, da bodo tudi v tem \u0161olskem letu pridno pisali in objavljali v \u0160entjur\u010danu.<\/p>\n","protected":false},"excerpt":{"rendered":"<p>U\u010denci na\u0161e \u0161ole in podru\u017enic radi sodelujejo pri oblikovanju \u0161olskih strani v lokalnem \u010dasopisu \u0160entjur\u010dan. Zato so bili tisti, ki radi pi\u0161ejo, v \u010detrtek, 14. septembra, povabljeni na urdni\u0161tvo \u010dasopisa v \u0160entjur.<\/p>\n","protected":false},"author":3995,"featured_media":0,"comment_status":"closed","ping_status":"closed","sticky":false,"template":"","format":"standard","meta":{"_et_pb_use_builder":"","_et_pb_old_content":"","_et_gb_content_width":"","ngg_post_thumbnail":0,"footnotes":"","_expiration-date-status":"","_expiration-date":0,"_expiration-date-type":"","_expiration-date-categories":[],"_expiration-date-options":[]},"categories":[9],"tags":[],"class_list":["post-4305","post","type-post","status-publish","format-standard","hentry","category-aktualno","et-doesnt-have-format-content","et_post_format-et-post-format-standard"],"_links":{"self":[{"href":"https:\/\/www.slivnica.si\/index.php?rest_route=\/wp\/v2\/posts\/4305","targetHints":{"allow":["GET"]}}],"collection":[{"href":"https:\/\/www.slivnica.si\/index.php?rest_route=\/wp\/v2\/posts"}],"about":[{"href":"https:\/\/www.slivnica.si\/index.php?rest_route=\/wp\/v2\/types\/post"}],"author":[{"embeddable":true,"href":"https:\/\/www.slivnica.si\/index.php?rest_route=\/wp\/v2\/users\/3995"}],"replies":[{"embeddable":true,"href":"https:\/\/www.slivnica.si\/index.php?rest_route=%2Fwp%2Fv2%2Fcomments&post=4305"}],"version-history":[{"count":4,"href":"https:\/\/www.slivnica.si\/index.php?rest_route=\/wp\/v2\/posts\/4305\/revisions"}],"predecessor-version":[{"id":4313,"href":"https:\/\/www.slivnica.si\/index.php?rest_route=\/wp\/v2\/posts\/4305\/revisions\/4313"}],"wp:attachment":[{"href":"https:\/\/www.slivnica.si\/index.php?rest_route=%2Fwp%2Fv2%2Fmedia&parent=4305"}],"wp:term":[{"taxonomy":"category","embeddable":true,"href":"https:\/\/www.slivnica.si\/index.php?rest_route=%2Fwp%2Fv2%2Fcategories&post=4305"},{"taxonomy":"post_tag","embeddable":true,"href":"https:\/\/www.slivnica.si\/index.php?rest_route=%2Fwp%2Fv2%2Ftags&post=4305"}],"curies":[{"name":"wp","href":"https:\/\/api.w.org\/{rel}","templated":true}]}}