{"id":4355,"date":"2017-09-24T19:21:29","date_gmt":"2017-09-24T17:21:29","guid":{"rendered":"http:\/\/slivnica.splet.arnes.si\/?p=4355"},"modified":"2017-09-24T19:21:29","modified_gmt":"2017-09-24T17:21:29","slug":"uciteljici-ps-loka-tudi-letos-iz-gorice-v-sluzbo-pes","status":"publish","type":"post","link":"https:\/\/www.slivnica.si\/?p=4355","title":{"rendered":"U\u010diteljici P\u0160 Loka tudi letos iz Gorice v slu\u017ebo pe\u0161"},"content":{"rendered":"<p>Evropski teden mobilnosti, ki je potekal od 16. do 22. septembra 2017, se je zaklju\u010dil z<em> dnevom brez avtomobila<\/em>. Lani sta se na ta dan podali pe\u0161 iz Gorice v Loko u\u010diteljici Frida in Silva, letos pa se je u\u010diteljici Fridi pridru\u017eila u\u010diteljica Jasmina. Da sta pri\u0161li pravo\u010dasno v slu\u017ebo, sta se na pot podali \u017ee v zgodnjih jutranjih urah. Proti koncu se jima je pridru\u017eil \u0161e u\u010denec Tadej iz 3. razreda, pri \u0161oli pa so jih tudi letos z bu\u010dnim navijanjem pri\u010dakali u\u010denci in u\u010diteljice. U\u010diteljici Frida in Jasmina sta ugotovili, da ju pe\u0161a\u010denje sploh ni utrudilo, temve\u010d da sta jima sve\u017ee jutro in prekrasna narava prav dobro deli, saj sta bili na cilju, kljub dolgi poti, polni energije.<\/p>\nngg_shortcode_0_placeholder\n","protected":false},"excerpt":{"rendered":"<p>Evropski teden mobilnosti, ki je potekal od 16. do 22. septembra 2017, se je zaklju\u010dil z dnevom brez avtomobila. Lani sta se na ta dan podali pe\u0161 iz Gorice v Loko u\u010diteljici Frida in Silva, letos pa se je u\u010diteljici Fridi pridru\u017eila u\u010diteljica Jasmina. Da sta pri\u0161li pravo\u010dasno v slu\u017ebo, sta se na pot podali [&hellip;]<\/p>\n","protected":false},"author":6078,"featured_media":0,"comment_status":"closed","ping_status":"closed","sticky":false,"template":"","format":"standard","meta":{"_et_pb_use_builder":"","_et_pb_old_content":"","_et_gb_content_width":"","ngg_post_thumbnail":0,"footnotes":"","_expiration-date-status":"","_expiration-date":0,"_expiration-date-type":"","_expiration-date-categories":[],"_expiration-date-options":[]},"categories":[9,10],"tags":[],"class_list":["post-4355","post","type-post","status-publish","format-standard","hentry","category-aktualno","category-ps-loka","et-doesnt-have-format-content","et_post_format-et-post-format-standard"],"_links":{"self":[{"href":"https:\/\/www.slivnica.si\/index.php?rest_route=\/wp\/v2\/posts\/4355","targetHints":{"allow":["GET"]}}],"collection":[{"href":"https:\/\/www.slivnica.si\/index.php?rest_route=\/wp\/v2\/posts"}],"about":[{"href":"https:\/\/www.slivnica.si\/index.php?rest_route=\/wp\/v2\/types\/post"}],"author":[{"embeddable":true,"href":"https:\/\/www.slivnica.si\/index.php?rest_route=\/wp\/v2\/users\/6078"}],"replies":[{"embeddable":true,"href":"https:\/\/www.slivnica.si\/index.php?rest_route=%2Fwp%2Fv2%2Fcomments&post=4355"}],"version-history":[{"count":4,"href":"https:\/\/www.slivnica.si\/index.php?rest_route=\/wp\/v2\/posts\/4355\/revisions"}],"predecessor-version":[{"id":4363,"href":"https:\/\/www.slivnica.si\/index.php?rest_route=\/wp\/v2\/posts\/4355\/revisions\/4363"}],"wp:attachment":[{"href":"https:\/\/www.slivnica.si\/index.php?rest_route=%2Fwp%2Fv2%2Fmedia&parent=4355"}],"wp:term":[{"taxonomy":"category","embeddable":true,"href":"https:\/\/www.slivnica.si\/index.php?rest_route=%2Fwp%2Fv2%2Fcategories&post=4355"},{"taxonomy":"post_tag","embeddable":true,"href":"https:\/\/www.slivnica.si\/index.php?rest_route=%2Fwp%2Fv2%2Ftags&post=4355"}],"curies":[{"name":"wp","href":"https:\/\/api.w.org\/{rel}","templated":true}]}}