{"id":4367,"date":"2017-09-26T14:00:30","date_gmt":"2017-09-26T12:00:30","guid":{"rendered":"http:\/\/slivnica.splet.arnes.si\/?p=4367"},"modified":"2017-09-26T14:00:30","modified_gmt":"2017-09-26T12:00:30","slug":"podpis-pogodbe-za-izvedbo-projekta-energetska-sanacija-objekta-os-slivnica-pri-celju","status":"publish","type":"post","link":"https:\/\/www.slivnica.si\/?p=4367","title":{"rendered":"Podpis pogodbe za izvedbo projekta Energetska sanacija objekta O\u0160 Slivnica pri Celju"},"content":{"rendered":"<p>Ponosno sporo\u010damo, da je bil v prostorih O\u0160 Slivnica pri Celju danes slovesen podpis pogodbe za izvedbo projekta <strong>Energetska sanacija objekta O\u0160 Slivnica pri Celju.\u00a0 <\/strong>\u017dupan\u00a0 mag. Marko Diaci je pogodbo podpisal s predstavnico\u00a0 izvajalca del, na javnem razpisu izbranega podjetja TIPO investicijske gradnje d.o.o. iz Ljubljane, gospo Heleno Okorn. Dela se naj bi za\u010dela spomladi 2018.<\/p>\n<p><a href=\"http:\/\/slivnica.splet.arnes.si\/files\/2017\/09\/DSC00965.jpg\"><img loading=\"lazy\" decoding=\"async\" class=\"alignnone size-medium wp-image-4369\" src=\"http:\/\/slivnica.splet.arnes.si\/files\/2017\/09\/DSC00965-300x225.jpg\" alt=\"\" width=\"300\" height=\"225\" srcset=\"https:\/\/www.slivnica.si\/files\/2017\/09\/DSC00965-300x225.jpg 300w, https:\/\/www.slivnica.si\/files\/2017\/09\/DSC00965-768x576.jpg 768w, https:\/\/www.slivnica.si\/files\/2017\/09\/DSC00965-1024x768.jpg 1024w, https:\/\/www.slivnica.si\/files\/2017\/09\/DSC00965-510x382.jpg 510w, https:\/\/www.slivnica.si\/files\/2017\/09\/DSC00965-1080x810.jpg 1080w\" sizes=\"(max-width: 300px) 100vw, 300px\" \/><\/a><\/p>\n","protected":false},"excerpt":{"rendered":"<p>Ponosno sporo\u010damo, da je bil v prostorih O\u0160 Slivnica pri Celju danes slovesen podpis pogodbe za izvedbo projekta Energetska sanacija objekta O\u0160 Slivnica pri Celju.\u00a0 \u017dupan\u00a0 mag. Marko Diaci je pogodbo podpisal s predstavnico\u00a0 izvajalca del, na javnem razpisu izbranega podjetja TIPO investicijske gradnje d.o.o. iz Ljubljane, gospo Heleno Okorn. Dela se naj bi za\u010dela [&hellip;]<\/p>\n","protected":false},"author":5705,"featured_media":0,"comment_status":"closed","ping_status":"closed","sticky":false,"template":"","format":"standard","meta":{"_et_pb_use_builder":"","_et_pb_old_content":"","_et_gb_content_width":"","ngg_post_thumbnail":0,"footnotes":"","_expiration-date-status":"","_expiration-date":0,"_expiration-date-type":"","_expiration-date-categories":[],"_expiration-date-options":[]},"categories":[9],"tags":[],"class_list":["post-4367","post","type-post","status-publish","format-standard","hentry","category-aktualno","et-doesnt-have-format-content","et_post_format-et-post-format-standard"],"_links":{"self":[{"href":"https:\/\/www.slivnica.si\/index.php?rest_route=\/wp\/v2\/posts\/4367","targetHints":{"allow":["GET"]}}],"collection":[{"href":"https:\/\/www.slivnica.si\/index.php?rest_route=\/wp\/v2\/posts"}],"about":[{"href":"https:\/\/www.slivnica.si\/index.php?rest_route=\/wp\/v2\/types\/post"}],"author":[{"embeddable":true,"href":"https:\/\/www.slivnica.si\/index.php?rest_route=\/wp\/v2\/users\/5705"}],"replies":[{"embeddable":true,"href":"https:\/\/www.slivnica.si\/index.php?rest_route=%2Fwp%2Fv2%2Fcomments&post=4367"}],"version-history":[{"count":1,"href":"https:\/\/www.slivnica.si\/index.php?rest_route=\/wp\/v2\/posts\/4367\/revisions"}],"predecessor-version":[{"id":4371,"href":"https:\/\/www.slivnica.si\/index.php?rest_route=\/wp\/v2\/posts\/4367\/revisions\/4371"}],"wp:attachment":[{"href":"https:\/\/www.slivnica.si\/index.php?rest_route=%2Fwp%2Fv2%2Fmedia&parent=4367"}],"wp:term":[{"taxonomy":"category","embeddable":true,"href":"https:\/\/www.slivnica.si\/index.php?rest_route=%2Fwp%2Fv2%2Fcategories&post=4367"},{"taxonomy":"post_tag","embeddable":true,"href":"https:\/\/www.slivnica.si\/index.php?rest_route=%2Fwp%2Fv2%2Ftags&post=4367"}],"curies":[{"name":"wp","href":"https:\/\/api.w.org\/{rel}","templated":true}]}}