{"id":4375,"date":"2017-09-26T20:56:47","date_gmt":"2017-09-26T18:56:47","guid":{"rendered":"http:\/\/slivnica.splet.arnes.si\/?p=4375"},"modified":"2017-09-26T20:56:48","modified_gmt":"2017-09-26T18:56:48","slug":"evropski-dan-jezikov-2017","status":"publish","type":"post","link":"https:\/\/www.slivnica.si\/?p=4375","title":{"rendered":"Evropski dan jezikov 2017"},"content":{"rendered":"<div>\n<p>26. septembra po vsej Evropi praznujemo evropski dan jezikov. Namen evropskega dneva jezikov je opozarjanje na pomen u\u010denja jezikov, zavzemanje za bogato jezikovno in kulturno raznolikost v Evropi in spodbujanje vse\u017eivljenjskega u\u010denja jezikov za potrebe \u0161tudija, poklicnega dela, pove\u010devanja mobilnosti, za zabavo in izmenjavo.<\/p>\n<p>&nbsp;<\/p>\n<\/div>\n<p>Evropski dan jezikov \u017ee ve\u010d let obele\u017eujemo tudi na na\u0161i \u0161oli. Letos smo se priklju\u010dili mednarodnemu eTwinning projektu &#8220;POSTCARD FRIENDS &#8211; European Day of Languages 2017&#8221;, v okviru katerega smo poslali razglednice z vo\u0161\u010dilom na kar 35 \u0161ol iz Anglije, Bosne in Hercegovine, \u010ce\u0161ke, Finske, Francije, Gr\u010dije, Hrva\u0161ke, Italije, Poljske, Romunije, Slova\u0161ke, Slovenije, Srbije, \u0160panije in Tur\u010dije. Na \u0161olo \u017ee prihajajo razglednice s partnerskih \u0161ol, ki jih bomo razstavili v ve\u010dnamenskem prostoru.<\/p>\n<p>&nbsp;<\/p>\n<p><iframe loading=\"lazy\" width=\"1080\" height=\"608\" src=\"https:\/\/www.youtube.com\/embed\/-TpvyG8yw_c?feature=oembed\" frameborder=\"0\" allowfullscreen><\/iframe><\/p>\n","protected":false},"excerpt":{"rendered":"<p>26. septembra po vsej Evropi praznujemo evropski dan jezikov. Namen evropskega dneva jezikov je opozarjanje na pomen u\u010denja jezikov, zavzemanje za bogato jezikovno in kulturno raznolikost v Evropi in spodbujanje vse\u017eivljenjskega u\u010denja jezikov za potrebe \u0161tudija, poklicnega dela, pove\u010devanja mobilnosti, za zabavo in izmenjavo. &nbsp; Evropski dan jezikov \u017ee ve\u010d let obele\u017eujemo tudi na na\u0161i [&hellip;]<\/p>\n","protected":false},"author":4243,"featured_media":0,"comment_status":"closed","ping_status":"closed","sticky":false,"template":"","format":"standard","meta":{"_et_pb_use_builder":"","_et_pb_old_content":"","_et_gb_content_width":"","ngg_post_thumbnail":0,"footnotes":"","_expiration-date-status":"","_expiration-date":0,"_expiration-date-type":"","_expiration-date-categories":[],"_expiration-date-options":[]},"categories":[9],"tags":[],"class_list":["post-4375","post","type-post","status-publish","format-standard","hentry","category-aktualno","et-doesnt-have-format-content","et_post_format-et-post-format-standard"],"_links":{"self":[{"href":"https:\/\/www.slivnica.si\/index.php?rest_route=\/wp\/v2\/posts\/4375","targetHints":{"allow":["GET"]}}],"collection":[{"href":"https:\/\/www.slivnica.si\/index.php?rest_route=\/wp\/v2\/posts"}],"about":[{"href":"https:\/\/www.slivnica.si\/index.php?rest_route=\/wp\/v2\/types\/post"}],"author":[{"embeddable":true,"href":"https:\/\/www.slivnica.si\/index.php?rest_route=\/wp\/v2\/users\/4243"}],"replies":[{"embeddable":true,"href":"https:\/\/www.slivnica.si\/index.php?rest_route=%2Fwp%2Fv2%2Fcomments&post=4375"}],"version-history":[{"count":5,"href":"https:\/\/www.slivnica.si\/index.php?rest_route=\/wp\/v2\/posts\/4375\/revisions"}],"predecessor-version":[{"id":4385,"href":"https:\/\/www.slivnica.si\/index.php?rest_route=\/wp\/v2\/posts\/4375\/revisions\/4385"}],"wp:attachment":[{"href":"https:\/\/www.slivnica.si\/index.php?rest_route=%2Fwp%2Fv2%2Fmedia&parent=4375"}],"wp:term":[{"taxonomy":"category","embeddable":true,"href":"https:\/\/www.slivnica.si\/index.php?rest_route=%2Fwp%2Fv2%2Fcategories&post=4375"},{"taxonomy":"post_tag","embeddable":true,"href":"https:\/\/www.slivnica.si\/index.php?rest_route=%2Fwp%2Fv2%2Ftags&post=4375"}],"curies":[{"name":"wp","href":"https:\/\/api.w.org\/{rel}","templated":true}]}}