{"id":4449,"date":"2017-10-02T12:15:39","date_gmt":"2017-10-02T10:15:39","guid":{"rendered":"http:\/\/slivnica.splet.arnes.si\/?p=4449"},"modified":"2017-10-02T13:51:23","modified_gmt":"2017-10-02T11:51:23","slug":"petosolci-so-srecno-prispeli-v-zusterno","status":"publish","type":"post","link":"https:\/\/www.slivnica.si\/?p=4449","title":{"rendered":"Peto\u0161olci so sre\u010dno prispeli v \u017dusterno"},"content":{"rendered":"<p>Obve\u0161\u010damo star\u0161e, da so u\u010denci 5. razreda sre\u010dno prispeli v \u017dusterno.<\/p>\n<p>U\u010denci 5. razreda so se danes skupaj z vrstniki iz O\u0160 Dobje in O\u0160 Planina pri Sevnici odpeljali proti Kopru, kjer bodo pre\u017eiveli pet dni v letni \u0161oli v naravi.<\/p>\n<p><a href=\"http:\/\/slivnica.splet.arnes.si\/files\/2017\/10\/letna-\u0160N_1.jpg\"><img loading=\"lazy\" decoding=\"async\" class=\"alignnone size-medium wp-image-4463\" src=\"http:\/\/slivnica.splet.arnes.si\/files\/2017\/10\/letna-\u0160N_1-225x300.jpg\" alt=\"\" width=\"225\" height=\"300\" srcset=\"https:\/\/www.slivnica.si\/files\/2017\/10\/letna-\u0160N_1-225x300.jpg 225w, https:\/\/www.slivnica.si\/files\/2017\/10\/letna-\u0160N_1-768x1024.jpg 768w, https:\/\/www.slivnica.si\/files\/2017\/10\/letna-\u0160N_1.jpg 960w\" sizes=\"(max-width: 225px) 100vw, 225px\" \/><\/a><\/p>\n<p>&nbsp;<\/p>\n","protected":false},"excerpt":{"rendered":"<p>Obve\u0161\u010damo star\u0161e, da so u\u010denci 5. razreda sre\u010dno prispeli v \u017dusterno. U\u010denci 5. razreda so se danes skupaj z vrstniki iz O\u0160 Dobje in O\u0160 Planina pri Sevnici odpeljali proti Kopru, kjer bodo pre\u017eiveli pet dni v letni \u0161oli v naravi. &nbsp;<\/p>\n","protected":false},"author":5705,"featured_media":0,"comment_status":"closed","ping_status":"closed","sticky":false,"template":"","format":"standard","meta":{"_et_pb_use_builder":"","_et_pb_old_content":"","_et_gb_content_width":"","ngg_post_thumbnail":0,"footnotes":"","_expiration-date-status":"","_expiration-date":0,"_expiration-date-type":"","_expiration-date-categories":[],"_expiration-date-options":[]},"categories":[9],"tags":[],"class_list":["post-4449","post","type-post","status-publish","format-standard","hentry","category-aktualno","et-doesnt-have-format-content","et_post_format-et-post-format-standard"],"_links":{"self":[{"href":"https:\/\/www.slivnica.si\/index.php?rest_route=\/wp\/v2\/posts\/4449","targetHints":{"allow":["GET"]}}],"collection":[{"href":"https:\/\/www.slivnica.si\/index.php?rest_route=\/wp\/v2\/posts"}],"about":[{"href":"https:\/\/www.slivnica.si\/index.php?rest_route=\/wp\/v2\/types\/post"}],"author":[{"embeddable":true,"href":"https:\/\/www.slivnica.si\/index.php?rest_route=\/wp\/v2\/users\/5705"}],"replies":[{"embeddable":true,"href":"https:\/\/www.slivnica.si\/index.php?rest_route=%2Fwp%2Fv2%2Fcomments&post=4449"}],"version-history":[{"count":4,"href":"https:\/\/www.slivnica.si\/index.php?rest_route=\/wp\/v2\/posts\/4449\/revisions"}],"predecessor-version":[{"id":4467,"href":"https:\/\/www.slivnica.si\/index.php?rest_route=\/wp\/v2\/posts\/4449\/revisions\/4467"}],"wp:attachment":[{"href":"https:\/\/www.slivnica.si\/index.php?rest_route=%2Fwp%2Fv2%2Fmedia&parent=4449"}],"wp:term":[{"taxonomy":"category","embeddable":true,"href":"https:\/\/www.slivnica.si\/index.php?rest_route=%2Fwp%2Fv2%2Fcategories&post=4449"},{"taxonomy":"post_tag","embeddable":true,"href":"https:\/\/www.slivnica.si\/index.php?rest_route=%2Fwp%2Fv2%2Ftags&post=4449"}],"curies":[{"name":"wp","href":"https:\/\/api.w.org\/{rel}","templated":true}]}}