{"id":4469,"date":"2017-10-02T21:14:35","date_gmt":"2017-10-02T19:14:35","guid":{"rendered":"http:\/\/slivnica.splet.arnes.si\/?p=4469"},"modified":"2017-10-02T21:14:35","modified_gmt":"2017-10-02T19:14:35","slug":"ekskurzija-na-dolenjsko-2","status":"publish","type":"post","link":"https:\/\/www.slivnica.si\/?p=4469","title":{"rendered":"Ekskurzija na Dolenjsko"},"content":{"rendered":"<p>V torek, 26. 9. 2017, smo u\u010denci 6. a in 6. b razreda od\u0161li na ekskurzijo na Dolenjsko. Ob osmi uri smo od\u0161li k avtobusu. V prtlja\u017enik smo nalo\u017eili \u0161olsko malico in svoje nahrbtnike. Jaz in \u0161e nekaj deklet smo se usedle na zadnje sede\u017ee avtobusa, od koder je bil lep razgled. Pozorno smo poslu\u0161ali uvodna navodila u\u010diteljice. Med potjo smo opazovali pokrajino. Do Sti\u010dne smo se vozili pribli\u017eno dve uri. Najprej smo se okrep\u010dali z malico, nato pa od\u0161li do samostana. Sprejela nas je prijazna vodi\u010dka, ki nam je pokazala postopek nastanka inicialke, nato pa smo \u0161e sami izdelali za\u010detnico svojega imena v obliki inicialke. Popeljala nas je po samostanu in nam ga razkazala, ogledali pa smo si tudi samostansko cerkev.<br \/>\nPotem smo od\u0161li na kosilo v bli\u017enje gosti\u0161\u010de. Po kosilu smo nadaljevali vo\u017enjo do Ra\u0161\u010dice, kjer je doma\u010dija Primo\u017ea Trubarja. V Trubarjevi spominski sobi nam je nek gospod pripovedoval o Trubarjevem \u017eivljenju in kako je ustvaril prvi dve slovenski knjigi, Abecednik in Katekizem, napisal pa je \u0161e veliko drugih knjig. Potem smo od\u0161li v veliko u\u010dilnico, kjer smo dobili material za izdelavo mini knjige. S pomo\u010djo prijazne gospe smo vsi izdelali vsak svojo majhno knjigo, ki smo jo odnesli s sabo domov.<br \/>\nNa poti domov smo bili vsi zelo dobre volje, zato smo za\u010deli prepevati pesmi, ki so nam bile v\u0161e\u010d. Vo\u017enja je kmalu minila in \u017ee smo bili v Gorici pri Slivnici, kjer so nas pri\u010dakali star\u0161i.<\/p>\n<p style=\"text-align: right\">\u00a0\u00a0\u00a0\u00a0\u00a0\u00a0\u00a0\u00a0\u00a0\u00a0\u00a0\u00a0\u00a0\u00a0\u00a0\u00a0\u00a0\u00a0\u00a0\u00a0\u00a0\u00a0\u00a0\u00a0\u00a0\u00a0\u00a0\u00a0\u00a0\u00a0\u00a0\u00a0\u00a0\u00a0\u00a0\u00a0\u00a0\u00a0\u00a0\u00a0\u00a0\u00a0\u00a0\u00a0\u00a0\u00a0\u00a0\u00a0\u00a0\u00a0\u00a0\u00a0\u00a0\u00a0\u00a0\u00a0\u00a0\u00a0\u00a0\u00a0\u00a0\u00a0\u00a0\u00a0\u00a0\u00a0\u00a0\u00a0\u00a0\u00a0\u00a0\u00a0\u00a0\u00a0\u00a0\u00a0\u00a0\u00a0\u00a0\u00a0\u00a0\u00a0 Karin Kristan, 6. b<\/p>\n<p style=\"text-align: right\">ngg_shortcode_0_placeholder<\/p>\n","protected":false},"excerpt":{"rendered":"<p>V torek, 26. 9. 2017, smo u\u010denci 6. a in 6. b razreda od\u0161li na ekskurzijo na Dolenjsko. Ob osmi uri smo od\u0161li k avtobusu. V prtlja\u017enik smo nalo\u017eili \u0161olsko malico in svoje nahrbtnike. Jaz in \u0161e nekaj deklet smo se usedle na zadnje sede\u017ee avtobusa, od koder je bil lep razgled. Pozorno smo poslu\u0161ali [&hellip;]<\/p>\n","protected":false},"author":4243,"featured_media":0,"comment_status":"closed","ping_status":"closed","sticky":false,"template":"","format":"standard","meta":{"_et_pb_use_builder":"","_et_pb_old_content":"","_et_gb_content_width":"","ngg_post_thumbnail":0,"footnotes":"","_expiration-date-status":"","_expiration-date":0,"_expiration-date-type":"","_expiration-date-categories":[],"_expiration-date-options":[]},"categories":[9],"tags":[],"class_list":["post-4469","post","type-post","status-publish","format-standard","hentry","category-aktualno","et-doesnt-have-format-content","et_post_format-et-post-format-standard"],"_links":{"self":[{"href":"https:\/\/www.slivnica.si\/index.php?rest_route=\/wp\/v2\/posts\/4469","targetHints":{"allow":["GET"]}}],"collection":[{"href":"https:\/\/www.slivnica.si\/index.php?rest_route=\/wp\/v2\/posts"}],"about":[{"href":"https:\/\/www.slivnica.si\/index.php?rest_route=\/wp\/v2\/types\/post"}],"author":[{"embeddable":true,"href":"https:\/\/www.slivnica.si\/index.php?rest_route=\/wp\/v2\/users\/4243"}],"replies":[{"embeddable":true,"href":"https:\/\/www.slivnica.si\/index.php?rest_route=%2Fwp%2Fv2%2Fcomments&post=4469"}],"version-history":[{"count":2,"href":"https:\/\/www.slivnica.si\/index.php?rest_route=\/wp\/v2\/posts\/4469\/revisions"}],"predecessor-version":[{"id":4477,"href":"https:\/\/www.slivnica.si\/index.php?rest_route=\/wp\/v2\/posts\/4469\/revisions\/4477"}],"wp:attachment":[{"href":"https:\/\/www.slivnica.si\/index.php?rest_route=%2Fwp%2Fv2%2Fmedia&parent=4469"}],"wp:term":[{"taxonomy":"category","embeddable":true,"href":"https:\/\/www.slivnica.si\/index.php?rest_route=%2Fwp%2Fv2%2Fcategories&post=4469"},{"taxonomy":"post_tag","embeddable":true,"href":"https:\/\/www.slivnica.si\/index.php?rest_route=%2Fwp%2Fv2%2Ftags&post=4469"}],"curies":[{"name":"wp","href":"https:\/\/api.w.org\/{rel}","templated":true}]}}