{"id":4627,"date":"2017-10-16T20:48:58","date_gmt":"2017-10-16T18:48:58","guid":{"rendered":"http:\/\/slivnica.splet.arnes.si\/?p=4627"},"modified":"2017-10-16T20:48:58","modified_gmt":"2017-10-16T18:48:58","slug":"teden-otroka-v-loki","status":"publish","type":"post","link":"https:\/\/www.slivnica.si\/?p=4627","title":{"rendered":"Teden otroka v Loki"},"content":{"rendered":"<p>Od <strong>2.<\/strong> do <strong>6. oktobra<\/strong> <strong>2017<\/strong> je potekal Teden otroka. Tudi v Loki smo se u\u010diteljice odlo\u010dile in potrudile, da je bil ta teden malo druga\u010den od preostalih. Najbolj od vsega so se u\u010denci razveselili, da je bil to teden brez doma\u010dih nalog. <em><strong>Dru\u017eili<\/strong> <\/em>smo se z <em><strong>vrt\u010devskimi otroki<\/strong><\/em> &#8211; u\u010denci 3. in 4. razreda so se tako v ponedeljek skupaj z njimi podali na sprehod po Loki, v petek pa so se jim prvo- in drugo\u0161olci pridru\u017eili\u00a0na delavnicah. V torek smo si v podalj\u0161anem bivanju ob kokicah, sokcu in risanki pri\u010darali <em><strong>kino<\/strong><\/em>. Skupaj s P\u0160 Prevorje smo v sredo od\u0161li na <a href=\"http:\/\/www.os-slivnica.si\/?p=4571\"><strong><em>pohod na Rifnik<\/em><\/strong><\/a>. V \u010detrtek so si u\u010denci prve triade v \u0160entjurju ogledali <em><strong>gledali\u0161ko predstavo Kekec<\/strong><\/em>.\u00a0 Na ta dan so nekateri u\u010denci na\u0161e \u0161ole sodelovali tudi pri snemanju kratkega film\u010dka o \u017dusmu. <strong><em>Kino<\/em> <\/strong>pa smo si v okviru sloven\u0161\u010dine zopet pri\u010darali v \u010detrtek \u010detrto\u0161olci in v petek drugo\u0161olci. Ker pa so ta teden bili peto\u0161olci v \u0161oli v naravi, smo nekatere dejavnosti prestavili \u0161e v naslednji teden. V torek, 10. oktobra, nam je ob ne\u017enih melodijah ljudski instrument <em><strong>citre\u00a0<\/strong><\/em>pribli\u017eala\u00a0gospa<em><strong> Jasmina Levi\u010dar<\/strong><\/em>, 12. oktobra smo s pomo\u010djo gospoda Mik\u0161a izvedli <em><strong>evakuacijo<\/strong> <\/em>in si ogledali gasilski dom v Loki, 13. oktobra pa smo v okviru <strong><em>Rde\u010dega kri\u017ea<\/em><\/strong> izvedli dve <em><strong>delavnici<\/strong><\/em>, pri katerih so vsi u\u010denci izdelali svoje magnetke in ogrlice. Na ta dan je potekala tudi <em><strong>akcija Drobtinica<\/strong><\/em>, katere zbrani prispevki so namenjeni \u0161olskemu skladu.<\/p>\nngg_shortcode_0_placeholder\n<p>&nbsp;<\/p>\n<p>&nbsp;<\/p>\n","protected":false},"excerpt":{"rendered":"<p>Od 2. do 6. oktobra 2017 je potekal Teden otroka. Tudi v Loki smo se u\u010diteljice odlo\u010dile in potrudile, da je bil ta teden malo druga\u010den od preostalih. Najbolj od vsega so se u\u010denci razveselili, da je bil to teden brez doma\u010dih nalog. Dru\u017eili smo se z vrt\u010devskimi otroki &#8211; u\u010denci 3. in 4. razreda [&hellip;]<\/p>\n","protected":false},"author":6078,"featured_media":0,"comment_status":"closed","ping_status":"closed","sticky":false,"template":"","format":"standard","meta":{"_et_pb_use_builder":"","_et_pb_old_content":"","_et_gb_content_width":"","ngg_post_thumbnail":0,"footnotes":"","_expiration-date-status":"","_expiration-date":0,"_expiration-date-type":"","_expiration-date-categories":[],"_expiration-date-options":[]},"categories":[9,10],"tags":[],"class_list":["post-4627","post","type-post","status-publish","format-standard","hentry","category-aktualno","category-ps-loka","et-doesnt-have-format-content","et_post_format-et-post-format-standard"],"_links":{"self":[{"href":"https:\/\/www.slivnica.si\/index.php?rest_route=\/wp\/v2\/posts\/4627","targetHints":{"allow":["GET"]}}],"collection":[{"href":"https:\/\/www.slivnica.si\/index.php?rest_route=\/wp\/v2\/posts"}],"about":[{"href":"https:\/\/www.slivnica.si\/index.php?rest_route=\/wp\/v2\/types\/post"}],"author":[{"embeddable":true,"href":"https:\/\/www.slivnica.si\/index.php?rest_route=\/wp\/v2\/users\/6078"}],"replies":[{"embeddable":true,"href":"https:\/\/www.slivnica.si\/index.php?rest_route=%2Fwp%2Fv2%2Fcomments&post=4627"}],"version-history":[{"count":9,"href":"https:\/\/www.slivnica.si\/index.php?rest_route=\/wp\/v2\/posts\/4627\/revisions"}],"predecessor-version":[{"id":4655,"href":"https:\/\/www.slivnica.si\/index.php?rest_route=\/wp\/v2\/posts\/4627\/revisions\/4655"}],"wp:attachment":[{"href":"https:\/\/www.slivnica.si\/index.php?rest_route=%2Fwp%2Fv2%2Fmedia&parent=4627"}],"wp:term":[{"taxonomy":"category","embeddable":true,"href":"https:\/\/www.slivnica.si\/index.php?rest_route=%2Fwp%2Fv2%2Fcategories&post=4627"},{"taxonomy":"post_tag","embeddable":true,"href":"https:\/\/www.slivnica.si\/index.php?rest_route=%2Fwp%2Fv2%2Ftags&post=4627"}],"curies":[{"name":"wp","href":"https:\/\/api.w.org\/{rel}","templated":true}]}}