{"id":4705,"date":"2017-10-18T20:05:30","date_gmt":"2017-10-18T18:05:30","guid":{"rendered":"http:\/\/slivnica.splet.arnes.si\/?p=4705"},"modified":"2017-10-18T20:05:30","modified_gmt":"2017-10-18T18:05:30","slug":"na-prevorju-sta-nas-obiskala-policista","status":"publish","type":"post","link":"https:\/\/www.slivnica.si\/?p=4705","title":{"rendered":"Na Prevorju sta nas obiskala policista"},"content":{"rendered":"<p style=\"text-align: center\"><em><span style=\"color: #ff0000\">Da prijazna bodo jutra,<\/span><\/em><br \/>\n<em><span style=\"color: #008000\">da bo varen vsak nov dan.<\/span><\/em><br \/>\n<em><span style=\"color: #ff9900\">Vedno se zavedajmo:<\/span><\/em><br \/>\n<em><strong><span style=\"color: #ff0000\">Na cesti nikdar nisi sam!<\/span><\/strong><\/em><br \/>\n<em><span style=\"color: #008000\">Skupaj bomo vsi pazili,<\/span><\/em><br \/>\n<em><span style=\"color: #ffcc00\">vse to v na\u0161ih je mo\u010deh.<\/span><\/em><br \/>\n<em><span style=\"color: #ff6600\">Pa se sli\u0161al na poteh,<\/span><\/em><br \/>\n<em><span style=\"color: #ff0000\">\u00a0\u00a0\u00a0\u00a0\u00a0\u00a0\u00a0\u00a0\u00a0\u00a0\u00a0\u00a0\u00a0\u00a0\u00a0\u00a0\u00a0\u00a0\u00a0\u00a0\u00a0\u00a0\u00a0\u00a0\u00a0\u00a0\u00a0\u00a0 bo vedno le otro\u0161ki smeh.<\/span><\/em>\u00a0 <em>(R. Krajn\u010dan)<\/em><\/p>\n<p style=\"text-align: left\">V sredo, 18. oktobra, sta nas na Prevorju obiskala policista in nas seznanila s pravili varne hoje v prometu, s pravili obna\u0161anja v prevoznih sredstvih in s pomenom nekaterih prometnih znakov.<\/p>\n<p style=\"text-align: left\">Prijaznima policistoma se zahvaljujemo za sodelovanje in se \u017ee veselimo naslednjega snidenja.<\/p>\n<p style=\"text-align: left\">ngg_shortcode_0_placeholder<\/p>\n","protected":false},"excerpt":{"rendered":"<p>Da prijazna bodo jutra, da bo varen vsak nov dan. Vedno se zavedajmo: Na cesti nikdar nisi sam! Skupaj bomo vsi pazili, vse to v na\u0161ih je mo\u010deh. Pa se sli\u0161al na poteh, \u00a0\u00a0\u00a0\u00a0\u00a0\u00a0\u00a0\u00a0\u00a0\u00a0\u00a0\u00a0\u00a0\u00a0\u00a0\u00a0\u00a0\u00a0\u00a0\u00a0\u00a0\u00a0\u00a0\u00a0\u00a0\u00a0\u00a0\u00a0 bo vedno le otro\u0161ki smeh.\u00a0 (R. Krajn\u010dan) V sredo, 18. oktobra, sta nas na Prevorju obiskala policista in nas seznanila s [&hellip;]<\/p>\n","protected":false},"author":6009,"featured_media":0,"comment_status":"closed","ping_status":"closed","sticky":false,"template":"","format":"standard","meta":{"_et_pb_use_builder":"","_et_pb_old_content":"","_et_gb_content_width":"","ngg_post_thumbnail":0,"footnotes":"","_expiration-date-status":"","_expiration-date":0,"_expiration-date-type":"","_expiration-date-categories":[],"_expiration-date-options":[]},"categories":[11],"tags":[],"class_list":["post-4705","post","type-post","status-publish","format-standard","hentry","category-ps-prevorje","et-doesnt-have-format-content","et_post_format-et-post-format-standard"],"_links":{"self":[{"href":"https:\/\/www.slivnica.si\/index.php?rest_route=\/wp\/v2\/posts\/4705","targetHints":{"allow":["GET"]}}],"collection":[{"href":"https:\/\/www.slivnica.si\/index.php?rest_route=\/wp\/v2\/posts"}],"about":[{"href":"https:\/\/www.slivnica.si\/index.php?rest_route=\/wp\/v2\/types\/post"}],"author":[{"embeddable":true,"href":"https:\/\/www.slivnica.si\/index.php?rest_route=\/wp\/v2\/users\/6009"}],"replies":[{"embeddable":true,"href":"https:\/\/www.slivnica.si\/index.php?rest_route=%2Fwp%2Fv2%2Fcomments&post=4705"}],"version-history":[{"count":1,"href":"https:\/\/www.slivnica.si\/index.php?rest_route=\/wp\/v2\/posts\/4705\/revisions"}],"predecessor-version":[{"id":4707,"href":"https:\/\/www.slivnica.si\/index.php?rest_route=\/wp\/v2\/posts\/4705\/revisions\/4707"}],"wp:attachment":[{"href":"https:\/\/www.slivnica.si\/index.php?rest_route=%2Fwp%2Fv2%2Fmedia&parent=4705"}],"wp:term":[{"taxonomy":"category","embeddable":true,"href":"https:\/\/www.slivnica.si\/index.php?rest_route=%2Fwp%2Fv2%2Fcategories&post=4705"},{"taxonomy":"post_tag","embeddable":true,"href":"https:\/\/www.slivnica.si\/index.php?rest_route=%2Fwp%2Fv2%2Ftags&post=4705"}],"curies":[{"name":"wp","href":"https:\/\/api.w.org\/{rel}","templated":true}]}}