{"id":4725,"date":"2017-10-19T14:40:42","date_gmt":"2017-10-19T12:40:42","guid":{"rendered":"http:\/\/slivnica.splet.arnes.si\/?p=4725"},"modified":"2017-10-19T20:44:58","modified_gmt":"2017-10-19T18:44:58","slug":"vaja-evakuacije-v-gorici-2","status":"publish","type":"post","link":"https:\/\/www.slivnica.si\/?p=4725","title":{"rendered":"Vaja evakuacije v Gorici"},"content":{"rendered":"<p>V \u010detrtek, 19. 10. 2017 smo izvedli vajo evakuacije. Pri izvedbi vaje\u00a0je sodelovalo\u00a0pet \u010dlanov Prostovoljnega gasilskega dru\u0161tva Slivnica pri Celju. Vsi u\u010denci in zaposleni so hitro in mirno zapustili prostore \u0161ole in se zbrali na zbornem mestu zunaj. Vaja je v celoti uspela, evakuacijski \u010das je bil 2 minuti in 40 sekund.<\/p>\n<p>Zahvala gre vsem u\u010dencem, zaposlenim in gasilcem.<\/p>\nngg_shortcode_0_placeholder\n","protected":false},"excerpt":{"rendered":"<p>V \u010detrtek, 19. 10. 2017 smo izvedli vajo evakuacije. Pri izvedbi vaje\u00a0je sodelovalo\u00a0pet \u010dlanov Prostovoljnega gasilskega dru\u0161tva Slivnica pri Celju. Vsi u\u010denci in zaposleni so hitro in mirno zapustili prostore \u0161ole in se zbrali na zbornem mestu zunaj. Vaja je v celoti uspela, evakuacijski \u010das je bil 2 minuti in 40 sekund. Zahvala gre vsem [&hellip;]<\/p>\n","protected":false},"author":17903,"featured_media":0,"comment_status":"closed","ping_status":"closed","sticky":false,"template":"","format":"standard","meta":{"_et_pb_use_builder":"","_et_pb_old_content":"","_et_gb_content_width":"","ngg_post_thumbnail":0,"footnotes":"","_expiration-date-status":"","_expiration-date":0,"_expiration-date-type":"","_expiration-date-categories":[],"_expiration-date-options":[]},"categories":[9],"tags":[],"class_list":["post-4725","post","type-post","status-publish","format-standard","hentry","category-aktualno","et-doesnt-have-format-content","et_post_format-et-post-format-standard"],"_links":{"self":[{"href":"https:\/\/www.slivnica.si\/index.php?rest_route=\/wp\/v2\/posts\/4725","targetHints":{"allow":["GET"]}}],"collection":[{"href":"https:\/\/www.slivnica.si\/index.php?rest_route=\/wp\/v2\/posts"}],"about":[{"href":"https:\/\/www.slivnica.si\/index.php?rest_route=\/wp\/v2\/types\/post"}],"author":[{"embeddable":true,"href":"https:\/\/www.slivnica.si\/index.php?rest_route=\/wp\/v2\/users\/17903"}],"replies":[{"embeddable":true,"href":"https:\/\/www.slivnica.si\/index.php?rest_route=%2Fwp%2Fv2%2Fcomments&post=4725"}],"version-history":[{"count":5,"href":"https:\/\/www.slivnica.si\/index.php?rest_route=\/wp\/v2\/posts\/4725\/revisions"}],"predecessor-version":[{"id":4737,"href":"https:\/\/www.slivnica.si\/index.php?rest_route=\/wp\/v2\/posts\/4725\/revisions\/4737"}],"wp:attachment":[{"href":"https:\/\/www.slivnica.si\/index.php?rest_route=%2Fwp%2Fv2%2Fmedia&parent=4725"}],"wp:term":[{"taxonomy":"category","embeddable":true,"href":"https:\/\/www.slivnica.si\/index.php?rest_route=%2Fwp%2Fv2%2Fcategories&post=4725"},{"taxonomy":"post_tag","embeddable":true,"href":"https:\/\/www.slivnica.si\/index.php?rest_route=%2Fwp%2Fv2%2Ftags&post=4725"}],"curies":[{"name":"wp","href":"https:\/\/api.w.org\/{rel}","templated":true}]}}