{"id":4753,"date":"2017-10-27T12:18:08","date_gmt":"2017-10-27T10:18:08","guid":{"rendered":"http:\/\/slivnica.splet.arnes.si\/?p=4753"},"modified":"2017-10-27T12:18:08","modified_gmt":"2017-10-27T10:18:08","slug":"proslava-in-tehniski-dan-ucencev-predmetne-stopnje-na-os-v-gorici-pri-slivnici","status":"publish","type":"post","link":"https:\/\/www.slivnica.si\/?p=4753","title":{"rendered":"Proslava in tehni\u0161ki dan u\u010dencev predmetne stopnje na O\u0160 v Gorici pri Slivnici"},"content":{"rendered":"<p>V petek, 27. 10. 2017, je na O\u0160 v Gorici pri Slivnici potekal tehni\u0161ki dan za u\u010dence od 6. do 9. razreda.<\/p>\n<p>Najprej smo se ob osmi uri vsi u\u010denci na\u0161e \u0161ole zbrali v ve\u010dnamenskem prostoru, kjer smo s kraj\u0161o proslavo oblele\u017eili dan reformacije in dan spomina na mrtve. U\u010denci so se predstavili z deklamacijo in pesmijo, razveselili pa so nas tudi z igranjem na kitaro in violino. Vseskozi pa nas je spremljala ubrana pesem zdru\u017eenega otro\u0161kega in mlaj\u0161ega mladinskega pevskega zbora ter mladinskega pevskega zbora.<\/p>\n<p>Nato so u\u010denci rezredne stopnje nadaljevali s poukom, na predmetni stopnji pa je potekal tehni\u0161ki dan v obliki razli\u010dnih delavnic. U\u010denci so v manj\u0161ih skupinah izdelovali ve\u010dnamenske blazine iz cofkov, \u017eepne grelce za roke, oblikovali so osnovo za adventni ven\u010dek in \u0161ivali ro\u017eice za \u0161ale. \u0160e posebej se je ustvarjalnost kazala v oblikovanju vo\u0161\u010dilnic, pri katerih so pokazali dobro mero natan\u010dnosti in vztrajnosti.<\/p>\n<p>U\u010denci so ob koncu tehni\u0161kega dne povedali, da so ponosni na svoje izdelke in upajo, da bodo v\u0161e\u010d tudi tistim, ki jih bodo kupili. Njihovo ustvarjalnost si lahko ogledate v galeriji.<\/p>\n<p>Vsi ti kreativni izdelki u\u010dencev so, kot vsako leto, namenjeni prodaji na \u0161olskem Miklav\u017eevem sejmu, ki bo letos potekal 30. novembra popoldan. Z nakupom drobnih izdelkov, s katerimi lahko svojim bli\u017enjim polep\u0161ate praznike, boste prispevali v \u0160olski sklad O\u0160 Slivnica pri Celju.<\/p>\nngg_shortcode_0_placeholder\n","protected":false},"excerpt":{"rendered":"<p>V petek, 27. 10. 2017, je na O\u0160 v Gorici pri Slivnici potekal tehni\u0161ki dan za u\u010dence od 6. do 9. razreda. Najprej smo se ob osmi uri vsi u\u010denci na\u0161e \u0161ole zbrali v ve\u010dnamenskem prostoru, kjer smo s kraj\u0161o proslavo oblele\u017eili dan reformacije in dan spomina na mrtve. U\u010denci so se predstavili z deklamacijo [&hellip;]<\/p>\n","protected":false},"author":3995,"featured_media":0,"comment_status":"closed","ping_status":"closed","sticky":false,"template":"","format":"standard","meta":{"_et_pb_use_builder":"","_et_pb_old_content":"","_et_gb_content_width":"","ngg_post_thumbnail":0,"footnotes":"","_expiration-date-status":"","_expiration-date":0,"_expiration-date-type":"","_expiration-date-categories":[],"_expiration-date-options":[]},"categories":[9],"tags":[],"class_list":["post-4753","post","type-post","status-publish","format-standard","hentry","category-aktualno","et-doesnt-have-format-content","et_post_format-et-post-format-standard"],"_links":{"self":[{"href":"https:\/\/www.slivnica.si\/index.php?rest_route=\/wp\/v2\/posts\/4753","targetHints":{"allow":["GET"]}}],"collection":[{"href":"https:\/\/www.slivnica.si\/index.php?rest_route=\/wp\/v2\/posts"}],"about":[{"href":"https:\/\/www.slivnica.si\/index.php?rest_route=\/wp\/v2\/types\/post"}],"author":[{"embeddable":true,"href":"https:\/\/www.slivnica.si\/index.php?rest_route=\/wp\/v2\/users\/3995"}],"replies":[{"embeddable":true,"href":"https:\/\/www.slivnica.si\/index.php?rest_route=%2Fwp%2Fv2%2Fcomments&post=4753"}],"version-history":[{"count":2,"href":"https:\/\/www.slivnica.si\/index.php?rest_route=\/wp\/v2\/posts\/4753\/revisions"}],"predecessor-version":[{"id":4757,"href":"https:\/\/www.slivnica.si\/index.php?rest_route=\/wp\/v2\/posts\/4753\/revisions\/4757"}],"wp:attachment":[{"href":"https:\/\/www.slivnica.si\/index.php?rest_route=%2Fwp%2Fv2%2Fmedia&parent=4753"}],"wp:term":[{"taxonomy":"category","embeddable":true,"href":"https:\/\/www.slivnica.si\/index.php?rest_route=%2Fwp%2Fv2%2Fcategories&post=4753"},{"taxonomy":"post_tag","embeddable":true,"href":"https:\/\/www.slivnica.si\/index.php?rest_route=%2Fwp%2Fv2%2Ftags&post=4753"}],"curies":[{"name":"wp","href":"https:\/\/api.w.org\/{rel}","templated":true}]}}