{"id":4761,"date":"2017-10-27T12:54:45","date_gmt":"2017-10-27T10:54:45","guid":{"rendered":"http:\/\/slivnica.splet.arnes.si\/?p=4761"},"modified":"2017-10-27T12:54:45","modified_gmt":"2017-10-27T10:54:45","slug":"komemoracija-na-prevorju","status":"publish","type":"post","link":"https:\/\/www.slivnica.si\/?p=4761","title":{"rendered":"Komemoracija na Prevorju"},"content":{"rendered":"<p>&nbsp;<\/p>\n<p><strong>Ob 1. novembru,<\/strong> prazniku <strong>spomina na mrtve,<\/strong> se spominjamo umrlih svojcev. Tako je <strong>27. oktobra<\/strong>, pred jesenskimi po\u010ditnicami,\u00a0 <strong>vojni veteran g. Mirko Pajek,<\/strong> na kratko spregovoril o padlih borcih. S kraj\u0161im kulturnim programom, pri\u017eigom sve\u010dk in cvetjem, smo vsi skupaj<strong> po\u010dastili spomin na padle<\/strong> pri spomeniku na Prevorju in na pokopali\u0161\u010du Prevorje.<\/p>\nngg_shortcode_0_placeholder\n","protected":false},"excerpt":{"rendered":"<p>&nbsp; Ob 1. novembru, prazniku spomina na mrtve, se spominjamo umrlih svojcev. Tako je 27. oktobra, pred jesenskimi po\u010ditnicami,\u00a0 vojni veteran g. Mirko Pajek, na kratko spregovoril o padlih borcih. S kraj\u0161im kulturnim programom, pri\u017eigom sve\u010dk in cvetjem, smo vsi skupaj po\u010dastili spomin na padle pri spomeniku na Prevorju in na pokopali\u0161\u010du Prevorje.<\/p>\n","protected":false},"author":6009,"featured_media":0,"comment_status":"closed","ping_status":"closed","sticky":false,"template":"","format":"standard","meta":{"_et_pb_use_builder":"","_et_pb_old_content":"","_et_gb_content_width":"","ngg_post_thumbnail":0,"footnotes":"","_expiration-date-status":"","_expiration-date":0,"_expiration-date-type":"","_expiration-date-categories":[],"_expiration-date-options":[]},"categories":[11],"tags":[],"class_list":["post-4761","post","type-post","status-publish","format-standard","hentry","category-ps-prevorje","et-doesnt-have-format-content","et_post_format-et-post-format-standard"],"_links":{"self":[{"href":"https:\/\/www.slivnica.si\/index.php?rest_route=\/wp\/v2\/posts\/4761","targetHints":{"allow":["GET"]}}],"collection":[{"href":"https:\/\/www.slivnica.si\/index.php?rest_route=\/wp\/v2\/posts"}],"about":[{"href":"https:\/\/www.slivnica.si\/index.php?rest_route=\/wp\/v2\/types\/post"}],"author":[{"embeddable":true,"href":"https:\/\/www.slivnica.si\/index.php?rest_route=\/wp\/v2\/users\/6009"}],"replies":[{"embeddable":true,"href":"https:\/\/www.slivnica.si\/index.php?rest_route=%2Fwp%2Fv2%2Fcomments&post=4761"}],"version-history":[{"count":1,"href":"https:\/\/www.slivnica.si\/index.php?rest_route=\/wp\/v2\/posts\/4761\/revisions"}],"predecessor-version":[{"id":4763,"href":"https:\/\/www.slivnica.si\/index.php?rest_route=\/wp\/v2\/posts\/4761\/revisions\/4763"}],"wp:attachment":[{"href":"https:\/\/www.slivnica.si\/index.php?rest_route=%2Fwp%2Fv2%2Fmedia&parent=4761"}],"wp:term":[{"taxonomy":"category","embeddable":true,"href":"https:\/\/www.slivnica.si\/index.php?rest_route=%2Fwp%2Fv2%2Fcategories&post=4761"},{"taxonomy":"post_tag","embeddable":true,"href":"https:\/\/www.slivnica.si\/index.php?rest_route=%2Fwp%2Fv2%2Ftags&post=4761"}],"curies":[{"name":"wp","href":"https:\/\/api.w.org\/{rel}","templated":true}]}}