{"id":4827,"date":"2017-11-09T10:23:32","date_gmt":"2017-11-09T09:23:32","guid":{"rendered":"http:\/\/slivnica.splet.arnes.si\/?p=4827"},"modified":"2017-11-22T10:24:05","modified_gmt":"2017-11-22T09:24:05","slug":"trznica-poklicev","status":"publish","type":"post","link":"https:\/\/www.slivnica.si\/?p=4827","title":{"rendered":"Tr\u017enica poklicev"},"content":{"rendered":"<p>V torek, 14.11. 2017, je bila\u00a0 \u017ee deveti\u010d <strong>tr\u017enica poklicev<\/strong> s predstavitvijo vseh srednje\u0161olskih programov v Sloveniji, ki je namenjena vsem u\u010dencem 9., 8. in 7. razredov in njihovim star\u0161em, ki so jo pripravile \u0161olske svetovalke O\u0160 v ob\u010dini \u0160entjur in Dobje. Z na\u0161e \u0161ole se je je udele\u017eilo 37 u\u010dencev. V anketi, ki je bila izvedena po prireditvi, so jo u\u010denci in star\u0161i zelo pohvalili in si za\u017eeleli, da bi se izvajala tudi v prihodnosti.<\/p>\nngg_shortcode_0_placeholder\n<p>&nbsp;<\/p>\n","protected":false},"excerpt":{"rendered":"<p>V torek, 14.11. 2017, je bila\u00a0 \u017ee deveti\u010d tr\u017enica poklicev s predstavitvijo vseh srednje\u0161olskih programov v Sloveniji, ki je namenjena vsem u\u010dencem 9., 8. in 7. razredov in njihovim star\u0161em, ki so jo pripravile \u0161olske svetovalke O\u0160 v ob\u010dini \u0160entjur in Dobje. Z na\u0161e \u0161ole se je je udele\u017eilo 37 u\u010dencev. V anketi, ki je [&hellip;]<\/p>\n","protected":false},"author":7100,"featured_media":0,"comment_status":"closed","ping_status":"closed","sticky":false,"template":"","format":"standard","meta":{"_et_pb_use_builder":"","_et_pb_old_content":"","_et_gb_content_width":"","ngg_post_thumbnail":0,"footnotes":"","_expiration-date-status":"","_expiration-date":0,"_expiration-date-type":"","_expiration-date-categories":[],"_expiration-date-options":[]},"categories":[9],"tags":[],"class_list":["post-4827","post","type-post","status-publish","format-standard","hentry","category-aktualno","et-doesnt-have-format-content","et_post_format-et-post-format-standard"],"_links":{"self":[{"href":"https:\/\/www.slivnica.si\/index.php?rest_route=\/wp\/v2\/posts\/4827","targetHints":{"allow":["GET"]}}],"collection":[{"href":"https:\/\/www.slivnica.si\/index.php?rest_route=\/wp\/v2\/posts"}],"about":[{"href":"https:\/\/www.slivnica.si\/index.php?rest_route=\/wp\/v2\/types\/post"}],"author":[{"embeddable":true,"href":"https:\/\/www.slivnica.si\/index.php?rest_route=\/wp\/v2\/users\/7100"}],"replies":[{"embeddable":true,"href":"https:\/\/www.slivnica.si\/index.php?rest_route=%2Fwp%2Fv2%2Fcomments&post=4827"}],"version-history":[{"count":4,"href":"https:\/\/www.slivnica.si\/index.php?rest_route=\/wp\/v2\/posts\/4827\/revisions"}],"predecessor-version":[{"id":5079,"href":"https:\/\/www.slivnica.si\/index.php?rest_route=\/wp\/v2\/posts\/4827\/revisions\/5079"}],"wp:attachment":[{"href":"https:\/\/www.slivnica.si\/index.php?rest_route=%2Fwp%2Fv2%2Fmedia&parent=4827"}],"wp:term":[{"taxonomy":"category","embeddable":true,"href":"https:\/\/www.slivnica.si\/index.php?rest_route=%2Fwp%2Fv2%2Fcategories&post=4827"},{"taxonomy":"post_tag","embeddable":true,"href":"https:\/\/www.slivnica.si\/index.php?rest_route=%2Fwp%2Fv2%2Ftags&post=4827"}],"curies":[{"name":"wp","href":"https:\/\/api.w.org\/{rel}","templated":true}]}}