{"id":4863,"date":"2017-11-13T08:59:22","date_gmt":"2017-11-13T07:59:22","guid":{"rendered":"http:\/\/slivnica.splet.arnes.si\/?p=4863"},"modified":"2017-11-13T09:03:01","modified_gmt":"2017-11-13T08:03:01","slug":"slivniski-drugosolci-smo-okrasili-eko-smreko","status":"publish","type":"post","link":"https:\/\/www.slivnica.si\/?p=4863","title":{"rendered":"Slivni\u0161ki drugo\u0161olci smo okrasili EKO smreko"},"content":{"rendered":"<p>Slivni\u0161ki drugo\u0161olci smo v okviru projekta EKO smreka (Hofer in Medex) okrasili smreko. Pri okra\u0161evanju smo se opirali na pravljico Svetlane Makarovi\u010d: Medena pravljica. Smreko si lahko ogledate tudi na: <a href=\"https:\/\/www.eko-smreka.si\/galerija-slika.php?image=947a8b95af10c2b00ab311e1f800276b.jpg\" target=\"_blank\">https:\/\/www.eko-smreka.si<\/a>.<\/p>\n\n\t\t<style type=\"text\/css\">\n\t\t\t#gallery-1 {\n\t\t\t\tmargin: auto;\n\t\t\t}\n\t\t\t#gallery-1 .gallery-item {\n\t\t\t\tfloat: left;\n\t\t\t\tmargin-top: 10px;\n\t\t\t\ttext-align: center;\n\t\t\t\twidth: 100%;\n\t\t\t}\n\t\t\t#gallery-1 img {\n\t\t\t\tborder: 2px solid #cfcfcf;\n\t\t\t}\n\t\t\t#gallery-1 .gallery-caption {\n\t\t\t\tmargin-left: 0;\n\t\t\t}\n\t\t\t\/* see gallery_shortcode() in wp-includes\/media.php *\/\n\t\t<\/style>\n\t\t<div id='gallery-1' class='gallery galleryid-4863 gallery-columns-1 gallery-size-large'><dl class='gallery-item'>\n\t\t\t<dt class='gallery-icon landscape'>\n\t\t\t\t<a href='https:\/\/www.slivnica.si\/?attachment_id=4869'><img loading=\"lazy\" decoding=\"async\" width=\"1024\" height=\"576\" src=\"https:\/\/www.slivnica.si\/files\/2017\/11\/eko_smreka2-e1510559878776-1024x576.jpg\" class=\"attachment-large size-large\" alt=\"\" srcset=\"https:\/\/www.slivnica.si\/files\/2017\/11\/eko_smreka2-e1510559878776-1024x576.jpg 1024w, https:\/\/www.slivnica.si\/files\/2017\/11\/eko_smreka2-e1510559878776-300x169.jpg 300w, https:\/\/www.slivnica.si\/files\/2017\/11\/eko_smreka2-e1510559878776-768x432.jpg 768w, https:\/\/www.slivnica.si\/files\/2017\/11\/eko_smreka2-e1510559878776-1080x608.jpg 1080w\" sizes=\"(max-width: 1024px) 100vw, 1024px\" \/><\/a>\n\t\t\t<\/dt><\/dl><br style=\"clear: both\" \/><dl class='gallery-item'>\n\t\t\t<dt class='gallery-icon portrait'>\n\t\t\t\t<a href='https:\/\/www.slivnica.si\/?attachment_id=4867'><img loading=\"lazy\" decoding=\"async\" width=\"576\" height=\"1024\" src=\"https:\/\/www.slivnica.si\/files\/2017\/11\/eko_smreka1-e1510559865595-576x1024.jpg\" class=\"attachment-large size-large\" alt=\"\" srcset=\"https:\/\/www.slivnica.si\/files\/2017\/11\/eko_smreka1-e1510559865595-576x1024.jpg 576w, https:\/\/www.slivnica.si\/files\/2017\/11\/eko_smreka1-e1510559865595-169x300.jpg 169w, https:\/\/www.slivnica.si\/files\/2017\/11\/eko_smreka1-e1510559865595-768x1365.jpg 768w, https:\/\/www.slivnica.si\/files\/2017\/11\/eko_smreka1-e1510559865595-1080x1920.jpg 1080w, https:\/\/www.slivnica.si\/files\/2017\/11\/eko_smreka1-e1510559865595.jpg 1836w\" sizes=\"(max-width: 576px) 100vw, 576px\" \/><\/a>\n\t\t\t<\/dt><\/dl><br style=\"clear: both\" \/>\n\t\t<\/div>\n\n<p>&nbsp;<\/p>\n","protected":false},"excerpt":{"rendered":"<p>Slivni\u0161ki drugo\u0161olci smo v okviru projekta EKO smreka (Hofer in Medex) okrasili smreko. Pri okra\u0161evanju smo se opirali na pravljico Svetlane Makarovi\u010d: Medena pravljica. Smreko si lahko ogledate tudi na: https:\/\/www.eko-smreka.si. &nbsp;<\/p>\n","protected":false},"author":7519,"featured_media":0,"comment_status":"closed","ping_status":"closed","sticky":false,"template":"","format":"standard","meta":{"_et_pb_use_builder":"","_et_pb_old_content":"","_et_gb_content_width":"","ngg_post_thumbnail":0,"footnotes":"","_expiration-date-status":"","_expiration-date":0,"_expiration-date-type":"","_expiration-date-categories":[],"_expiration-date-options":[]},"categories":[9],"tags":[],"class_list":["post-4863","post","type-post","status-publish","format-standard","hentry","category-aktualno","et-doesnt-have-format-content","et_post_format-et-post-format-standard"],"_links":{"self":[{"href":"https:\/\/www.slivnica.si\/index.php?rest_route=\/wp\/v2\/posts\/4863","targetHints":{"allow":["GET"]}}],"collection":[{"href":"https:\/\/www.slivnica.si\/index.php?rest_route=\/wp\/v2\/posts"}],"about":[{"href":"https:\/\/www.slivnica.si\/index.php?rest_route=\/wp\/v2\/types\/post"}],"author":[{"embeddable":true,"href":"https:\/\/www.slivnica.si\/index.php?rest_route=\/wp\/v2\/users\/7519"}],"replies":[{"embeddable":true,"href":"https:\/\/www.slivnica.si\/index.php?rest_route=%2Fwp%2Fv2%2Fcomments&post=4863"}],"version-history":[{"count":5,"href":"https:\/\/www.slivnica.si\/index.php?rest_route=\/wp\/v2\/posts\/4863\/revisions"}],"predecessor-version":[{"id":4877,"href":"https:\/\/www.slivnica.si\/index.php?rest_route=\/wp\/v2\/posts\/4863\/revisions\/4877"}],"wp:attachment":[{"href":"https:\/\/www.slivnica.si\/index.php?rest_route=%2Fwp%2Fv2%2Fmedia&parent=4863"}],"wp:term":[{"taxonomy":"category","embeddable":true,"href":"https:\/\/www.slivnica.si\/index.php?rest_route=%2Fwp%2Fv2%2Fcategories&post=4863"},{"taxonomy":"post_tag","embeddable":true,"href":"https:\/\/www.slivnica.si\/index.php?rest_route=%2Fwp%2Fv2%2Ftags&post=4863"}],"curies":[{"name":"wp","href":"https:\/\/api.w.org\/{rel}","templated":true}]}}