{"id":5063,"date":"2017-11-20T18:37:53","date_gmt":"2017-11-20T17:37:53","guid":{"rendered":"http:\/\/slivnica.splet.arnes.si\/?p=5063"},"modified":"2017-11-22T13:08:46","modified_gmt":"2017-11-22T12:08:46","slug":"tradicionalni-slovenski-zajtrk-v-loki","status":"publish","type":"post","link":"https:\/\/www.slivnica.si\/?p=5063","title":{"rendered":"Tradicionalni slovenski zajtrk v Loki"},"content":{"rendered":"<h6>V petek, 17. 11. 2017, se je na\u0161 naravoslovni dan za\u010del z <em><strong>zdravim zajtrkom<\/strong><\/em>. Z u\u017eitkom smo jedli kruh z doma\u010dim maslom in medom, popili mleko in na koncu pojedli \u0161e doma\u010de jabolko.<\/h6>\n<h6>Nato nas je obiskal <em><strong>\u010debelar Mirko Gobec<\/strong><\/em>. S seboj je prinesel panj, \u010debelarsko obleko, revije in \u0161e druge pripomo\u010dke, ki jih uporablja pri svojem delu. Njegova razlaga je bila pou\u010dna in zanimiva. V\u0161e\u010d nam je bilo, ko se je na\u0161a u\u010diteljica Silva oblekla v \u010debelarsko obleko.<\/h6>\n<h6>Tudi letos smo zapeli <em><strong>pesem \u010cebelar<\/strong><\/em>, tokrat ob spremljavi na\u0161ega harmonikarja<em> Aleksa \u010cav\u0161a<\/em> iz 4. razreda, katerega posnetek si lahko ogledate <a href=\"https:\/\/www.youtube.com\/watch?v=Y_QXnBa6ets\">tukaj<\/a>.<\/h6>\n<h6>Po snemanju smo \u0161li v telovadnico, kjer smo se dobro <em><strong>razgibali<\/strong> <\/em>z razli\u010dnimi vajami.<\/h6>\n<h6>Sledila je <em><strong>malica<\/strong><\/em>, za tem pa <em><strong>delo po razredih<\/strong><\/em>. U\u010denci 1. in 2. razreda so naredili sadno solato, u\u010denci 3. in 5. razreda so spekli kokosove kroglice z marmelado, \u010detrto\u0161olci pa \u010dokoladne in marmeladne navihan\u010dke<strong>. <\/strong>Vse te dobrote smo pojedli po kosilu.<\/h6>\n<h6>Dan smo zaklju\u010dili v podalj\u0161anem bivanju, kjer smo nadaljevali z delom, in sicer smo naredili novo <em><strong>Shemo \u0161olskega sadja in zelenjave<\/strong><\/em>, ki smo jo sicer \u017ee za\u010deli pripravljati v jutranjem varstvu.<\/h6>\nngg_shortcode_0_placeholder\n","protected":false},"excerpt":{"rendered":"<p>V petek, 17. 11. 2017, se je na\u0161 naravoslovni dan za\u010del z zdravim zajtrkom. Z u\u017eitkom smo jedli kruh z doma\u010dim maslom in medom, popili mleko in na koncu pojedli \u0161e doma\u010de jabolko. Nato nas je obiskal \u010debelar Mirko Gobec. S seboj je prinesel panj, \u010debelarsko obleko, revije in \u0161e druge pripomo\u010dke, ki jih uporablja [&hellip;]<\/p>\n","protected":false},"author":6078,"featured_media":0,"comment_status":"closed","ping_status":"closed","sticky":false,"template":"","format":"standard","meta":{"_et_pb_use_builder":"","_et_pb_old_content":"","_et_gb_content_width":"","ngg_post_thumbnail":0,"footnotes":"","_expiration-date-status":"","_expiration-date":0,"_expiration-date-type":"","_expiration-date-categories":[],"_expiration-date-options":[]},"categories":[9,10],"tags":[],"class_list":["post-5063","post","type-post","status-publish","format-standard","hentry","category-aktualno","category-ps-loka","et-doesnt-have-format-content","et_post_format-et-post-format-standard"],"_links":{"self":[{"href":"https:\/\/www.slivnica.si\/index.php?rest_route=\/wp\/v2\/posts\/5063","targetHints":{"allow":["GET"]}}],"collection":[{"href":"https:\/\/www.slivnica.si\/index.php?rest_route=\/wp\/v2\/posts"}],"about":[{"href":"https:\/\/www.slivnica.si\/index.php?rest_route=\/wp\/v2\/types\/post"}],"author":[{"embeddable":true,"href":"https:\/\/www.slivnica.si\/index.php?rest_route=\/wp\/v2\/users\/6078"}],"replies":[{"embeddable":true,"href":"https:\/\/www.slivnica.si\/index.php?rest_route=%2Fwp%2Fv2%2Fcomments&post=5063"}],"version-history":[{"count":5,"href":"https:\/\/www.slivnica.si\/index.php?rest_route=\/wp\/v2\/posts\/5063\/revisions"}],"predecessor-version":[{"id":5095,"href":"https:\/\/www.slivnica.si\/index.php?rest_route=\/wp\/v2\/posts\/5063\/revisions\/5095"}],"wp:attachment":[{"href":"https:\/\/www.slivnica.si\/index.php?rest_route=%2Fwp%2Fv2%2Fmedia&parent=5063"}],"wp:term":[{"taxonomy":"category","embeddable":true,"href":"https:\/\/www.slivnica.si\/index.php?rest_route=%2Fwp%2Fv2%2Fcategories&post=5063"},{"taxonomy":"post_tag","embeddable":true,"href":"https:\/\/www.slivnica.si\/index.php?rest_route=%2Fwp%2Fv2%2Ftags&post=5063"}],"curies":[{"name":"wp","href":"https:\/\/api.w.org\/{rel}","templated":true}]}}