{"id":5099,"date":"2017-11-22T15:43:52","date_gmt":"2017-11-22T14:43:52","guid":{"rendered":"http:\/\/slivnica.splet.arnes.si\/?p=5099"},"modified":"2017-11-22T15:51:40","modified_gmt":"2017-11-22T14:51:40","slug":"tehniski-dan-na-prevorju-2","status":"publish","type":"post","link":"https:\/\/www.slivnica.si\/?p=5099","title":{"rendered":"Tehni\u0161ki dan na Prevorju"},"content":{"rendered":"<p>V sredo, 22. 11. 2017, sta <strong>4. in 5. razred<\/strong> imela <strong>tehni\u0161ki dan<\/strong>, na katerem so u\u010denci izdelovali<strong> izdelke za Miklav\u017eev sejem<\/strong>, ki bo 30. 11. 2017 v Gorici.<\/p>\n<p>Izdelali so lesene podstavke, magnetke, okraske iz blaga ter zapakirali di\u0161e\u010de pi\u0161kote v darilne embala\u017ee.<\/p>\n<p>Ob koncu so bili zadovoljni s svojim delom.<\/p>\nngg_shortcode_0_placeholder\n","protected":false},"excerpt":{"rendered":"<p>V sredo, 22. 11. 2017, sta 4. in 5. razred imela tehni\u0161ki dan, na katerem so u\u010denci izdelovali izdelke za Miklav\u017eev sejem, ki bo 30. 11. 2017 v Gorici. Izdelali so lesene podstavke, magnetke, okraske iz blaga ter zapakirali di\u0161e\u010de pi\u0161kote v darilne embala\u017ee. Ob koncu so bili zadovoljni s svojim delom.<\/p>\n","protected":false},"author":7958,"featured_media":0,"comment_status":"closed","ping_status":"closed","sticky":false,"template":"","format":"standard","meta":{"_et_pb_use_builder":"","_et_pb_old_content":"","_et_gb_content_width":"","ngg_post_thumbnail":0,"footnotes":"","_expiration-date-status":"","_expiration-date":0,"_expiration-date-type":"","_expiration-date-categories":[],"_expiration-date-options":[]},"categories":[9,11],"tags":[],"class_list":["post-5099","post","type-post","status-publish","format-standard","hentry","category-aktualno","category-ps-prevorje","et-doesnt-have-format-content","et_post_format-et-post-format-standard"],"_links":{"self":[{"href":"https:\/\/www.slivnica.si\/index.php?rest_route=\/wp\/v2\/posts\/5099","targetHints":{"allow":["GET"]}}],"collection":[{"href":"https:\/\/www.slivnica.si\/index.php?rest_route=\/wp\/v2\/posts"}],"about":[{"href":"https:\/\/www.slivnica.si\/index.php?rest_route=\/wp\/v2\/types\/post"}],"author":[{"embeddable":true,"href":"https:\/\/www.slivnica.si\/index.php?rest_route=\/wp\/v2\/users\/7958"}],"replies":[{"embeddable":true,"href":"https:\/\/www.slivnica.si\/index.php?rest_route=%2Fwp%2Fv2%2Fcomments&post=5099"}],"version-history":[{"count":2,"href":"https:\/\/www.slivnica.si\/index.php?rest_route=\/wp\/v2\/posts\/5099\/revisions"}],"predecessor-version":[{"id":5103,"href":"https:\/\/www.slivnica.si\/index.php?rest_route=\/wp\/v2\/posts\/5099\/revisions\/5103"}],"wp:attachment":[{"href":"https:\/\/www.slivnica.si\/index.php?rest_route=%2Fwp%2Fv2%2Fmedia&parent=5099"}],"wp:term":[{"taxonomy":"category","embeddable":true,"href":"https:\/\/www.slivnica.si\/index.php?rest_route=%2Fwp%2Fv2%2Fcategories&post=5099"},{"taxonomy":"post_tag","embeddable":true,"href":"https:\/\/www.slivnica.si\/index.php?rest_route=%2Fwp%2Fv2%2Ftags&post=5099"}],"curies":[{"name":"wp","href":"https:\/\/api.w.org\/{rel}","templated":true}]}}