{"id":5107,"date":"2017-11-23T12:05:39","date_gmt":"2017-11-23T11:05:39","guid":{"rendered":"http:\/\/slivnica.splet.arnes.si\/?p=5107"},"modified":"2017-11-23T14:02:03","modified_gmt":"2017-11-23T13:02:03","slug":"sprememba","status":"publish","type":"post","link":"https:\/\/www.slivnica.si\/?p=5107","title":{"rendered":"Sprememba termina popoldanskih govorilnih ur"},"content":{"rendered":"<p>Spo\u0161tovani star\u0161i!<\/p>\n<p><strong>Obve\u0161\u010damo vas, da bodo redne mese\u010dne popoldanske govorilne ure v \u010detrtek, 30. 11. 2017 <\/strong>(namesto na\u010drtovanega \u010detrtka 7. decembra), ko na \u0161oli na\u010drtujemo pestro dogajanje.<\/p>\n<p>Ob 16. uri vas vabimo v telovadnico \u0161ole na <strong>Miklav\u017eev koncert. <\/strong>Od 15.30 do 18.00 bo potekal <strong>Miklav\u017eev sejem<\/strong>, na katerem bodo u\u010denci prodajali izdelke, ki so jih naredili sami. Zbrana sredstva bodo namenjena u\u010dencem O\u0160 Slivnica pri Celju.<\/p>\n<p><strong>Govorilne ure<\/strong> bodo od 16.45 (po kon\u010danem koncertu) do 17. 45.<\/p>\n<p>Vljudno vabljeni!<\/p>\n","protected":false},"excerpt":{"rendered":"<p>Spo\u0161tovani star\u0161i! Obve\u0161\u010damo vas, da bodo redne mese\u010dne popoldanske govorilne ure v \u010detrtek, 30. 11. 2017 (namesto na\u010drtovanega \u010detrtka 7. decembra), ko na \u0161oli na\u010drtujemo pestro dogajanje. Ob 16. uri vas vabimo v telovadnico \u0161ole na Miklav\u017eev koncert. Od 15.30 do 18.00 bo potekal Miklav\u017eev sejem, na katerem bodo u\u010denci prodajali izdelke, ki so jih [&hellip;]<\/p>\n","protected":false},"author":5705,"featured_media":0,"comment_status":"closed","ping_status":"closed","sticky":false,"template":"","format":"standard","meta":{"_et_pb_use_builder":"","_et_pb_old_content":"","_et_gb_content_width":"","ngg_post_thumbnail":0,"footnotes":"","_expiration-date-status":"","_expiration-date":0,"_expiration-date-type":"","_expiration-date-categories":[],"_expiration-date-options":[]},"categories":[9],"tags":[],"class_list":["post-5107","post","type-post","status-publish","format-standard","hentry","category-aktualno","et-doesnt-have-format-content","et_post_format-et-post-format-standard"],"_links":{"self":[{"href":"https:\/\/www.slivnica.si\/index.php?rest_route=\/wp\/v2\/posts\/5107","targetHints":{"allow":["GET"]}}],"collection":[{"href":"https:\/\/www.slivnica.si\/index.php?rest_route=\/wp\/v2\/posts"}],"about":[{"href":"https:\/\/www.slivnica.si\/index.php?rest_route=\/wp\/v2\/types\/post"}],"author":[{"embeddable":true,"href":"https:\/\/www.slivnica.si\/index.php?rest_route=\/wp\/v2\/users\/5705"}],"replies":[{"embeddable":true,"href":"https:\/\/www.slivnica.si\/index.php?rest_route=%2Fwp%2Fv2%2Fcomments&post=5107"}],"version-history":[{"count":6,"href":"https:\/\/www.slivnica.si\/index.php?rest_route=\/wp\/v2\/posts\/5107\/revisions"}],"predecessor-version":[{"id":5191,"href":"https:\/\/www.slivnica.si\/index.php?rest_route=\/wp\/v2\/posts\/5107\/revisions\/5191"}],"wp:attachment":[{"href":"https:\/\/www.slivnica.si\/index.php?rest_route=%2Fwp%2Fv2%2Fmedia&parent=5107"}],"wp:term":[{"taxonomy":"category","embeddable":true,"href":"https:\/\/www.slivnica.si\/index.php?rest_route=%2Fwp%2Fv2%2Fcategories&post=5107"},{"taxonomy":"post_tag","embeddable":true,"href":"https:\/\/www.slivnica.si\/index.php?rest_route=%2Fwp%2Fv2%2Ftags&post=5107"}],"curies":[{"name":"wp","href":"https:\/\/api.w.org\/{rel}","templated":true}]}}