{"id":5115,"date":"2017-11-23T13:53:18","date_gmt":"2017-11-23T12:53:18","guid":{"rendered":"http:\/\/slivnica.splet.arnes.si\/?p=5115"},"modified":"2017-11-24T07:58:31","modified_gmt":"2017-11-24T06:58:31","slug":"vabilo-na-miklavzev-koncert-in-sejem","status":"publish","type":"post","link":"https:\/\/www.slivnica.si\/?p=5115","title":{"rendered":"Vabilo na Miklav\u017eev koncert in sejem"},"content":{"rendered":"<p><strong>V \u010detrtek, 30. 11. 2017, vas vabimo na Miklav\u017eev koncert in Miklav\u017eev sejem na O\u0160 Slivnica pri Celju.\u00a0<\/strong><\/p>\n<p>Sejem bo potekal od 15.30\u201318.00 ure v prostoru pred telovadnico. U\u010denci bodo prodajali izdelke, ki so jih naredili na tehni\u0161kem dnevu in pri izbirnih vsebinah. Galerija spodaj.<\/p>\n<p>Izbirali boste lahko med novoletnimi vo\u0161\u010dilnicami, adventnimi ven\u010dki, lesenimi sve\u010dniki, nakitom, kupili boste lahko tudi unikatne \u0161ale, doma\u010de pekovske\u00a0izdelke in \u0161e kaj. Zbrana sredstva bodo namenjena u\u010dencem O\u0160 Slivnica pri Celju.<\/p>\n<p><strong>Ob 16. uri bo Miklav\u017eev koncert v telovadnici.\u00a0Predstavo Muzikalni pujs bodo izvedli pevski zbori, plesalci, instrumentalisti in folkloristi vseh treh \u0161ol. Gost bo vokalna <a href=\"http:\/\/slivnica.splet.arnes.si\/files\/2017\/11\/Vabilo-Miklav\u017eev-koncert-in-sejem.png\"><img loading=\"lazy\" decoding=\"async\" class=\"size-medium wp-image-5179 alignleft\" src=\"http:\/\/slivnica.splet.arnes.si\/files\/2017\/11\/Vabilo-Miklav\u017eev-koncert-in-sejem-211x300.png\" alt=\"\" width=\"211\" height=\"300\" srcset=\"https:\/\/www.slivnica.si\/files\/2017\/11\/Vabilo-Miklav\u017eev-koncert-in-sejem-211x300.png 211w, https:\/\/www.slivnica.si\/files\/2017\/11\/Vabilo-Miklav\u017eev-koncert-in-sejem-768x1094.png 768w, https:\/\/www.slivnica.si\/files\/2017\/11\/Vabilo-Miklav\u017eev-koncert-in-sejem-719x1024.png 719w, https:\/\/www.slivnica.si\/files\/2017\/11\/Vabilo-Miklav\u017eev-koncert-in-sejem-1080x1538.png 1080w\" sizes=\"(max-width: 211px) 100vw, 211px\" \/><\/a>skupina Kresnice.<\/strong><\/p>\n<p>Govorilne ure bodo od 16.45\u201317.45.<\/p>\n<p>Prijazno vabljeni!<\/p>\n<p>&nbsp;<\/p>\n<p>&nbsp;<\/p>\n<p>&nbsp;<\/p>\n<p>&nbsp;<\/p>\nngg_shortcode_0_placeholder\n","protected":false},"excerpt":{"rendered":"<p>V \u010detrtek, 30. 11. 2017, vas vabimo na Miklav\u017eev koncert in Miklav\u017eev sejem na O\u0160 Slivnica pri Celju.\u00a0 Sejem bo potekal od 15.30\u201318.00 ure v prostoru pred telovadnico. U\u010denci bodo prodajali izdelke, ki so jih naredili na tehni\u0161kem dnevu in pri izbirnih vsebinah. Galerija spodaj. Izbirali boste lahko med novoletnimi vo\u0161\u010dilnicami, adventnimi ven\u010dki, lesenimi sve\u010dniki, [&hellip;]<\/p>\n","protected":false},"author":17903,"featured_media":0,"comment_status":"closed","ping_status":"closed","sticky":false,"template":"","format":"gallery","meta":{"_et_pb_use_builder":"","_et_pb_old_content":"","_et_gb_content_width":"","ngg_post_thumbnail":0,"footnotes":"","_expiration-date-status":"","_expiration-date":0,"_expiration-date-type":"","_expiration-date-categories":[],"_expiration-date-options":[]},"categories":[9],"tags":[],"class_list":["post-5115","post","type-post","status-publish","format-gallery","hentry","category-aktualno","post_format-post-format-gallery","et-doesnt-have-format-content","et_post_format-et-post-format-standard"],"_links":{"self":[{"href":"https:\/\/www.slivnica.si\/index.php?rest_route=\/wp\/v2\/posts\/5115","targetHints":{"allow":["GET"]}}],"collection":[{"href":"https:\/\/www.slivnica.si\/index.php?rest_route=\/wp\/v2\/posts"}],"about":[{"href":"https:\/\/www.slivnica.si\/index.php?rest_route=\/wp\/v2\/types\/post"}],"author":[{"embeddable":true,"href":"https:\/\/www.slivnica.si\/index.php?rest_route=\/wp\/v2\/users\/17903"}],"replies":[{"embeddable":true,"href":"https:\/\/www.slivnica.si\/index.php?rest_route=%2Fwp%2Fv2%2Fcomments&post=5115"}],"version-history":[{"count":8,"href":"https:\/\/www.slivnica.si\/index.php?rest_route=\/wp\/v2\/posts\/5115\/revisions"}],"predecessor-version":[{"id":5203,"href":"https:\/\/www.slivnica.si\/index.php?rest_route=\/wp\/v2\/posts\/5115\/revisions\/5203"}],"wp:attachment":[{"href":"https:\/\/www.slivnica.si\/index.php?rest_route=%2Fwp%2Fv2%2Fmedia&parent=5115"}],"wp:term":[{"taxonomy":"category","embeddable":true,"href":"https:\/\/www.slivnica.si\/index.php?rest_route=%2Fwp%2Fv2%2Fcategories&post=5115"},{"taxonomy":"post_tag","embeddable":true,"href":"https:\/\/www.slivnica.si\/index.php?rest_route=%2Fwp%2Fv2%2Ftags&post=5115"}],"curies":[{"name":"wp","href":"https:\/\/api.w.org\/{rel}","templated":true}]}}