{"id":5241,"date":"2017-12-03T17:41:58","date_gmt":"2017-12-03T16:41:58","guid":{"rendered":"http:\/\/slivnica.splet.arnes.si\/?p=5241"},"modified":"2017-12-05T10:55:51","modified_gmt":"2017-12-05T09:55:51","slug":"miklavzev-koncert-in-sejem-na-os-slivnica-pri-celju","status":"publish","type":"post","link":"https:\/\/www.slivnica.si\/?p=5241","title":{"rendered":"Miklav\u017eev koncert in sejem na O\u0160 Slivnica pri Celju"},"content":{"rendered":"<p>V \u010detrtek, 30. 11. 2017, je bilo na na\u0161i \u0161oli \u00a0prazni\u010dno. Ob 16. uri se je telovadnica spremenila v \u00a0lepo okra\u0161eno dvorano in obiskovalci so si ogledali <strong>predstavo z naslovom<a href=\"http:\/\/pevski-zbori-slivnica.splet.arnes.si\/2017\/12\/05\/miklavzev-koncert\/\" target=\"_blank\"> Muzikalni pujs<\/a><\/strong>. Zborovodkinja Metka Bevc je iz pesmi Muzikalni pujs pripravila dramatizacijo in pester koncertni nastop s petjem, plesom in igranjem.<!--more--><\/p>\n<p>V predstavi so nastopali Otro\u0161ki pevski zbor in Mlaj\u0161i mladinski pevski zbor, Orffova skupina \u0161esto\u0161olk, folklora s podru\u017enice Prevorje in mentorica Matejka Kramer, otro\u0161ki pevski zbor s podru\u017enice Loka in zborovodkinja Jasmina Bratec, mala in velika plesna skupina \u0161ole Ple\u0161i z mano, in\u0161trumentalisti na violini, flavti, harmonikah, kitarah, citrah, baritonu in na bas kitari. Program sta povezovali \u0161esto\u0161olki Karin Kristan v vlogi mame Pujse in Sara Punger\u0161ek kot muzikalen Pujs. Gost na koncertu je bila Vokalna skupina Kresnice. Kostume in sceno sta izdelali Jo\u017eica Vodeb in Nata\u0161a Himmelreich.<\/p>\n<p>Po predstavi je v prostoru pred telovadnico potekal <strong>Miklav\u017eev sejem<\/strong>. Na lepo okra\u0161enih stojnicah so u\u010denci prodajali unikatne izdelke, ki so jih izdelali na tehni\u0161kem dnevu in pri izbirnih vsebinah. Na njih pa so se na\u0161le tudi stvari, ki so jih prispevali otroci iz podru\u017eni\u010dnih \u0161ol Loka in Prevorje. Obiskovalci so lahko izbirali med novoletnimi vo\u0161\u010dilnicami, sve\u010dniki, nakitom, adventnimi ven\u010dki, unikatnimi \u0161ali, kupili so lahko pekovske izdelke in \u0161e kaj. Nad izdelki so bili obiskovalci zelo navdu\u0161eni in so jih z veseljem kupovali.<\/p>\n<p>Zbrana sredstva bodo namenjena u\u010dencem O\u0160 Slivnica pri Celju.<br \/>\nngg_shortcode_0_placeholder<\/p>\n<p>&nbsp;<\/p>\n","protected":false},"excerpt":{"rendered":"<p>V \u010detrtek, 30. 11. 2017, je bilo na na\u0161i \u0161oli \u00a0prazni\u010dno. Ob 16. uri se je telovadnica spremenila v \u00a0lepo okra\u0161eno dvorano in obiskovalci so si ogledali predstavo z naslovom Muzikalni pujs. Zborovodkinja Metka Bevc je iz pesmi Muzikalni pujs pripravila dramatizacijo in pester koncertni nastop s petjem, plesom in igranjem.<\/p>\n","protected":false},"author":3995,"featured_media":0,"comment_status":"closed","ping_status":"closed","sticky":false,"template":"","format":"standard","meta":{"_et_pb_use_builder":"","_et_pb_old_content":"","_et_gb_content_width":"","ngg_post_thumbnail":0,"footnotes":"","_expiration-date-status":"","_expiration-date":0,"_expiration-date-type":"","_expiration-date-categories":[],"_expiration-date-options":[]},"categories":[9],"tags":[],"class_list":["post-5241","post","type-post","status-publish","format-standard","hentry","category-aktualno","et-doesnt-have-format-content","et_post_format-et-post-format-standard"],"_links":{"self":[{"href":"https:\/\/www.slivnica.si\/index.php?rest_route=\/wp\/v2\/posts\/5241","targetHints":{"allow":["GET"]}}],"collection":[{"href":"https:\/\/www.slivnica.si\/index.php?rest_route=\/wp\/v2\/posts"}],"about":[{"href":"https:\/\/www.slivnica.si\/index.php?rest_route=\/wp\/v2\/types\/post"}],"author":[{"embeddable":true,"href":"https:\/\/www.slivnica.si\/index.php?rest_route=\/wp\/v2\/users\/3995"}],"replies":[{"embeddable":true,"href":"https:\/\/www.slivnica.si\/index.php?rest_route=%2Fwp%2Fv2%2Fcomments&post=5241"}],"version-history":[{"count":5,"href":"https:\/\/www.slivnica.si\/index.php?rest_route=\/wp\/v2\/posts\/5241\/revisions"}],"predecessor-version":[{"id":5271,"href":"https:\/\/www.slivnica.si\/index.php?rest_route=\/wp\/v2\/posts\/5241\/revisions\/5271"}],"wp:attachment":[{"href":"https:\/\/www.slivnica.si\/index.php?rest_route=%2Fwp%2Fv2%2Fmedia&parent=5241"}],"wp:term":[{"taxonomy":"category","embeddable":true,"href":"https:\/\/www.slivnica.si\/index.php?rest_route=%2Fwp%2Fv2%2Fcategories&post=5241"},{"taxonomy":"post_tag","embeddable":true,"href":"https:\/\/www.slivnica.si\/index.php?rest_route=%2Fwp%2Fv2%2Ftags&post=5241"}],"curies":[{"name":"wp","href":"https:\/\/api.w.org\/{rel}","templated":true}]}}