{"id":5295,"date":"2017-12-20T11:22:24","date_gmt":"2017-12-20T10:22:24","guid":{"rendered":"http:\/\/slivnica.splet.arnes.si\/?p=5295"},"modified":"2017-12-20T11:29:23","modified_gmt":"2017-12-20T10:29:23","slug":"organizacija-dela-v-petek-22-12-2017","status":"publish","type":"post","link":"https:\/\/www.slivnica.si\/?p=5295","title":{"rendered":"Organizacija dela v petek, 22. 12. 2017"},"content":{"rendered":"<p>V petek, 22. 12. 2017, si bodo u\u010denci ogledali filmski predstavi v Celju ali v Roga\u0161ki Slatini.<\/p>\n<p>U\u010denci bodo imeli malico ob 7.40, zato ta dan ne bo zajtrka.<\/p>\n<p>Avtobusi bodo krenili ob 8. uri iz Gorice pri Slivnici in Loke pri \u017dusmu ter<\/p>\n<p>ob 7.40 iz Prevorja.<\/p>\n<p>Iz kina se vrnejo pribli\u017eno ob 11.30. Sledil bo razvoz u\u010dencev v obe smeri. U\u010denci voza\u010di ne bodo imeli \u010dasa za kosilo, zato naj ga odjavijo do \u010detrtka zjutraj v tajni\u0161tvu. Za otroke v podalj\u0161anem bivanju in pe\u0161ce, bo kosilo in varstvo potekalo normalno.<\/p>\n<p>U\u010dencem in u\u010diteljem \u017eelim prijeten dan. Ravnateljica Marjeta Ko\u0161ak<\/p>\n","protected":false},"excerpt":{"rendered":"<p>V petek, 22. 12. 2017, si bodo u\u010denci ogledali filmski predstavi v Celju ali v Roga\u0161ki Slatini. U\u010denci bodo imeli malico ob 7.40, zato ta dan ne bo zajtrka. Avtobusi bodo krenili ob 8. uri iz Gorice pri Slivnici in Loke pri \u017dusmu ter ob 7.40 iz Prevorja. Iz kina se vrnejo pribli\u017eno ob 11.30. [&hellip;]<\/p>\n","protected":false},"author":5705,"featured_media":0,"comment_status":"closed","ping_status":"closed","sticky":false,"template":"","format":"standard","meta":{"_et_pb_use_builder":"","_et_pb_old_content":"","_et_gb_content_width":"","ngg_post_thumbnail":0,"footnotes":"","_expiration-date-status":"","_expiration-date":0,"_expiration-date-type":"","_expiration-date-categories":[],"_expiration-date-options":[]},"categories":[9],"tags":[],"class_list":["post-5295","post","type-post","status-publish","format-standard","hentry","category-aktualno","et-doesnt-have-format-content","et_post_format-et-post-format-standard"],"_links":{"self":[{"href":"https:\/\/www.slivnica.si\/index.php?rest_route=\/wp\/v2\/posts\/5295","targetHints":{"allow":["GET"]}}],"collection":[{"href":"https:\/\/www.slivnica.si\/index.php?rest_route=\/wp\/v2\/posts"}],"about":[{"href":"https:\/\/www.slivnica.si\/index.php?rest_route=\/wp\/v2\/types\/post"}],"author":[{"embeddable":true,"href":"https:\/\/www.slivnica.si\/index.php?rest_route=\/wp\/v2\/users\/5705"}],"replies":[{"embeddable":true,"href":"https:\/\/www.slivnica.si\/index.php?rest_route=%2Fwp%2Fv2%2Fcomments&post=5295"}],"version-history":[{"count":3,"href":"https:\/\/www.slivnica.si\/index.php?rest_route=\/wp\/v2\/posts\/5295\/revisions"}],"predecessor-version":[{"id":5301,"href":"https:\/\/www.slivnica.si\/index.php?rest_route=\/wp\/v2\/posts\/5295\/revisions\/5301"}],"wp:attachment":[{"href":"https:\/\/www.slivnica.si\/index.php?rest_route=%2Fwp%2Fv2%2Fmedia&parent=5295"}],"wp:term":[{"taxonomy":"category","embeddable":true,"href":"https:\/\/www.slivnica.si\/index.php?rest_route=%2Fwp%2Fv2%2Fcategories&post=5295"},{"taxonomy":"post_tag","embeddable":true,"href":"https:\/\/www.slivnica.si\/index.php?rest_route=%2Fwp%2Fv2%2Ftags&post=5295"}],"curies":[{"name":"wp","href":"https:\/\/api.w.org\/{rel}","templated":true}]}}