{"id":5305,"date":"2017-12-22T06:50:23","date_gmt":"2017-12-22T05:50:23","guid":{"rendered":"http:\/\/slivnica.splet.arnes.si\/?p=5305"},"modified":"2017-12-22T06:50:23","modified_gmt":"2017-12-22T05:50:23","slug":"v-loki-nas-je-ze-obiskal-dedek-mraz","status":"publish","type":"post","link":"https:\/\/www.slivnica.si\/?p=5305","title":{"rendered":"V Loki nas je \u017ee obiskal dedek Mraz"},"content":{"rendered":"<p style=\"text-align: center\"><em>. &#8220;Siva ku\u010dma, bela brada,<\/em><\/p>\n<p style=\"text-align: center\"><em>topel ko\u017euh, zvrhan ko\u0161.<\/em><\/p>\n<p style=\"text-align: center\"><em>Joj, \u017ee pri\u0161el je med nas, <\/em><\/p>\n<p style=\"text-align: center\"><em>stari, dobri dedek Mraz.&#8221;<\/em><\/p>\n<p style=\"text-align: left\">S slednjo pesmijo smo dedku Mrazu, ki nas je v sredo, 20. 12. 2017, obiskal v PO\u0160 Loka pri \u017dusmu, polep\u0161ali dan. \u0160e pred njegovim prihodom nas je zabavala gledali\u0161ka skupina, s pomo\u010djo katere nam ga je tudi uspelo priklicali. Ker pa smo \u017ee prej\u0161nji teden skupaj z vrtcem okrasili novoletno jelko, nam je vsem skupaj pod njo nastavil ogromna darila, katerih smo se res razveselili. Da pa nas bo dedek Mraz prihodnje leto spet obiskal, smo mu obljubili, da bomo do takrat zelo, zelo pridni.<\/p>\n<p style=\"text-align: left\">ngg_shortcode_0_placeholder<\/p>\n","protected":false},"excerpt":{"rendered":"<p>. &#8220;Siva ku\u010dma, bela brada, topel ko\u017euh, zvrhan ko\u0161. Joj, \u017ee pri\u0161el je med nas, stari, dobri dedek Mraz.&#8221; S slednjo pesmijo smo dedku Mrazu, ki nas je v sredo, 20. 12. 2017, obiskal v PO\u0160 Loka pri \u017dusmu, polep\u0161ali dan. \u0160e pred njegovim prihodom nas je zabavala gledali\u0161ka skupina, s pomo\u010djo katere nam ga [&hellip;]<\/p>\n","protected":false},"author":6078,"featured_media":0,"comment_status":"closed","ping_status":"closed","sticky":false,"template":"","format":"standard","meta":{"_et_pb_use_builder":"","_et_pb_old_content":"","_et_gb_content_width":"","ngg_post_thumbnail":0,"footnotes":"","_expiration-date-status":"","_expiration-date":0,"_expiration-date-type":"","_expiration-date-categories":[],"_expiration-date-options":[]},"categories":[9,10],"tags":[],"class_list":["post-5305","post","type-post","status-publish","format-standard","hentry","category-aktualno","category-ps-loka","et-doesnt-have-format-content","et_post_format-et-post-format-standard"],"_links":{"self":[{"href":"https:\/\/www.slivnica.si\/index.php?rest_route=\/wp\/v2\/posts\/5305","targetHints":{"allow":["GET"]}}],"collection":[{"href":"https:\/\/www.slivnica.si\/index.php?rest_route=\/wp\/v2\/posts"}],"about":[{"href":"https:\/\/www.slivnica.si\/index.php?rest_route=\/wp\/v2\/types\/post"}],"author":[{"embeddable":true,"href":"https:\/\/www.slivnica.si\/index.php?rest_route=\/wp\/v2\/users\/6078"}],"replies":[{"embeddable":true,"href":"https:\/\/www.slivnica.si\/index.php?rest_route=%2Fwp%2Fv2%2Fcomments&post=5305"}],"version-history":[{"count":3,"href":"https:\/\/www.slivnica.si\/index.php?rest_route=\/wp\/v2\/posts\/5305\/revisions"}],"predecessor-version":[{"id":5331,"href":"https:\/\/www.slivnica.si\/index.php?rest_route=\/wp\/v2\/posts\/5305\/revisions\/5331"}],"wp:attachment":[{"href":"https:\/\/www.slivnica.si\/index.php?rest_route=%2Fwp%2Fv2%2Fmedia&parent=5305"}],"wp:term":[{"taxonomy":"category","embeddable":true,"href":"https:\/\/www.slivnica.si\/index.php?rest_route=%2Fwp%2Fv2%2Fcategories&post=5305"},{"taxonomy":"post_tag","embeddable":true,"href":"https:\/\/www.slivnica.si\/index.php?rest_route=%2Fwp%2Fv2%2Ftags&post=5305"}],"curies":[{"name":"wp","href":"https:\/\/api.w.org\/{rel}","templated":true}]}}