{"id":5333,"date":"2017-12-22T07:22:00","date_gmt":"2017-12-22T06:22:00","guid":{"rendered":"http:\/\/slivnica.splet.arnes.si\/?p=5333"},"modified":"2017-12-22T07:22:13","modified_gmt":"2017-12-22T06:22:13","slug":"v-loki-obelezili-prihajajoce-praznike-2","status":"publish","type":"post","link":"https:\/\/www.slivnica.si\/?p=5333","title":{"rendered":"V Loki obele\u017eili prihajajo\u010de praznike"},"content":{"rendered":"<p>V \u010detrtek, 22. decembra, je v Loki vladalo prazni\u010dno vzdu\u0161je. S kratko prireditvijo smo namre\u010d obele\u017eili prihajajo\u010de praznike. Pripravili smo pester program, na katerem ni manjkalo petja, deklamacij, igranja na in\u0161trumente, plesa in gledali\u0161ke igre. \u0160e posebej smo bili veseli, ker so nas pri\u0161li gledat tudi otroci iz vrtca, ki pa so nam na koncu \u0161e sami zapeli pesmico. Poslovili smo se z lepimi \u017eeljami ob prihajajo\u010dem novem letu.<\/p>\nngg_shortcode_0_placeholder\n","protected":false},"excerpt":{"rendered":"<p>V \u010detrtek, 22. decembra, je v Loki vladalo prazni\u010dno vzdu\u0161je. S kratko prireditvijo smo namre\u010d obele\u017eili prihajajo\u010de praznike. Pripravili smo pester program, na katerem ni manjkalo petja, deklamacij, igranja na in\u0161trumente, plesa in gledali\u0161ke igre. \u0160e posebej smo bili veseli, ker so nas pri\u0161li gledat tudi otroci iz vrtca, ki pa so nam na koncu [&hellip;]<\/p>\n","protected":false},"author":6078,"featured_media":0,"comment_status":"closed","ping_status":"closed","sticky":false,"template":"","format":"standard","meta":{"_et_pb_use_builder":"","_et_pb_old_content":"","_et_gb_content_width":"","ngg_post_thumbnail":0,"footnotes":"","_expiration-date-status":"","_expiration-date":0,"_expiration-date-type":"","_expiration-date-categories":[],"_expiration-date-options":[]},"categories":[9,10],"tags":[],"class_list":["post-5333","post","type-post","status-publish","format-standard","hentry","category-aktualno","category-ps-loka","et-doesnt-have-format-content","et_post_format-et-post-format-standard"],"_links":{"self":[{"href":"https:\/\/www.slivnica.si\/index.php?rest_route=\/wp\/v2\/posts\/5333","targetHints":{"allow":["GET"]}}],"collection":[{"href":"https:\/\/www.slivnica.si\/index.php?rest_route=\/wp\/v2\/posts"}],"about":[{"href":"https:\/\/www.slivnica.si\/index.php?rest_route=\/wp\/v2\/types\/post"}],"author":[{"embeddable":true,"href":"https:\/\/www.slivnica.si\/index.php?rest_route=\/wp\/v2\/users\/6078"}],"replies":[{"embeddable":true,"href":"https:\/\/www.slivnica.si\/index.php?rest_route=%2Fwp%2Fv2%2Fcomments&post=5333"}],"version-history":[{"count":1,"href":"https:\/\/www.slivnica.si\/index.php?rest_route=\/wp\/v2\/posts\/5333\/revisions"}],"predecessor-version":[{"id":5335,"href":"https:\/\/www.slivnica.si\/index.php?rest_route=\/wp\/v2\/posts\/5333\/revisions\/5335"}],"wp:attachment":[{"href":"https:\/\/www.slivnica.si\/index.php?rest_route=%2Fwp%2Fv2%2Fmedia&parent=5333"}],"wp:term":[{"taxonomy":"category","embeddable":true,"href":"https:\/\/www.slivnica.si\/index.php?rest_route=%2Fwp%2Fv2%2Fcategories&post=5333"},{"taxonomy":"post_tag","embeddable":true,"href":"https:\/\/www.slivnica.si\/index.php?rest_route=%2Fwp%2Fv2%2Ftags&post=5333"}],"curies":[{"name":"wp","href":"https:\/\/api.w.org\/{rel}","templated":true}]}}