{"id":5621,"date":"2017-09-22T08:25:10","date_gmt":"2017-09-22T06:25:10","guid":{"rendered":"http:\/\/slivnica.splet.arnes.si\/?p=5621"},"modified":"2018-01-22T08:29:47","modified_gmt":"2018-01-22T07:29:47","slug":"o-projektu","status":"publish","type":"post","link":"https:\/\/www.slivnica.si\/?p=5621","title":{"rendered":"O projektu Zdrava \u0161ola"},"content":{"rendered":"<p>V \u0161olskem letu 2017\/2018\u00a0 aktivno sodelujemo v projektu <strong>Slovenska mre\u017ea zdravih \u0161ol<\/strong>. Vodilna rde\u010da nit leto\u0161njega \u0161olskega leta je<strong> Zdravje skozi umetnost. <\/strong>S to temo bomo povezovali usmeritve promocije zdravja, soustvarjali zdravju prijazno okolje in spodbujali posameznike, da skrbijo za svoje telesno in du\u0161evno zdravje. Na\u0161a \u0161ola bo izvajala dejavnosti v okviru izbolj\u0161anja telesnega zdravja. Pri tem bomo zasledovali smernice telesnih dejavnosti, ki jih ponuja Nacionalni\u00a0 in\u0161titut za javno zdravje in enkrat tedensko izvajali rekreativni odmor. Z njim \u017eelimo izbolj\u0161ati gibalne navade u\u010dencev, pove\u010dati koncentracijo in motivacijo za opravljanje nalog pri pouku, spodbuditi sodelovanje ter skrb za svoje telesno in du\u0161evno zdravje.<\/p>\n<p><strong>REKREATIVNI ODMOR<\/strong><\/p>\n<p>Rekreativni odmor traja od 9<sup>45<\/sup> do 9<sup>55<\/sup> v prisotnosti u\u010diteljev, ki pou\u010dujejo 3. \u0161olsko uro.<\/p>\n<p><strong>Razpored:<\/strong><\/p>\n<ul>\n<li><strong>ponedeljek \u2013 4. in 5. razred;<\/strong><\/li>\n<li><strong>torek \u2013 6. in 7. razred;<\/strong><\/li>\n<li><strong>\u010detrtek \u2013 1., 2. in 3. razred;<\/strong><\/li>\n<li><strong>petek \u2013 8. in 9. razred.<\/strong><\/li>\n<\/ul>\n<p>V projektu bomo sodelovali vsi zaposleni, u\u010denci in njihovi star\u0161i. Koordinacijo dejavnosti na \u0161oli vodi in usmerja \u0161olski tim. Vodja tima je Anita Mastnak. \u010clani pa so: Majda Pinter Zeli\u010d, Jasmina Bratec, Nata\u0161a \u010cede, Renata Mastnak, Judita Leskov\u0161ek Andri\u010d, Mateja Kramer, Klavdija Cehner, Polona Jamnikar, predstavnica star\u0161ev Tatjana \u0160kornik Tovornik in predstavniki u\u010dencev: \u017diga Tovornik, Urh Urleb in Maru\u0161a Vovk.<\/p>\n","protected":false},"excerpt":{"rendered":"<p>V \u0161olskem letu 2017\/2018\u00a0 aktivno sodelujemo v projektu Slovenska mre\u017ea zdravih \u0161ol. Vodilna rde\u010da nit leto\u0161njega \u0161olskega leta je Zdravje skozi umetnost. S to temo bomo povezovali usmeritve promocije zdravja, soustvarjali zdravju prijazno okolje in spodbujali posameznike, da skrbijo za svoje telesno in du\u0161evno zdravje. Na\u0161a \u0161ola bo izvajala dejavnosti v okviru izbolj\u0161anja telesnega zdravja. [&hellip;]<\/p>\n","protected":false},"author":5705,"featured_media":0,"comment_status":"closed","ping_status":"closed","sticky":false,"template":"","format":"standard","meta":{"_et_pb_use_builder":"","_et_pb_old_content":"","_et_gb_content_width":"","ngg_post_thumbnail":0,"footnotes":"","_expiration-date-status":"","_expiration-date":0,"_expiration-date-type":"","_expiration-date-categories":[],"_expiration-date-options":[]},"categories":[33],"tags":[],"class_list":["post-5621","post","type-post","status-publish","format-standard","hentry","category-zdrava-sola","et-doesnt-have-format-content","et_post_format-et-post-format-standard"],"_links":{"self":[{"href":"https:\/\/www.slivnica.si\/index.php?rest_route=\/wp\/v2\/posts\/5621","targetHints":{"allow":["GET"]}}],"collection":[{"href":"https:\/\/www.slivnica.si\/index.php?rest_route=\/wp\/v2\/posts"}],"about":[{"href":"https:\/\/www.slivnica.si\/index.php?rest_route=\/wp\/v2\/types\/post"}],"author":[{"embeddable":true,"href":"https:\/\/www.slivnica.si\/index.php?rest_route=\/wp\/v2\/users\/5705"}],"replies":[{"embeddable":true,"href":"https:\/\/www.slivnica.si\/index.php?rest_route=%2Fwp%2Fv2%2Fcomments&post=5621"}],"version-history":[{"count":3,"href":"https:\/\/www.slivnica.si\/index.php?rest_route=\/wp\/v2\/posts\/5621\/revisions"}],"predecessor-version":[{"id":5627,"href":"https:\/\/www.slivnica.si\/index.php?rest_route=\/wp\/v2\/posts\/5621\/revisions\/5627"}],"wp:attachment":[{"href":"https:\/\/www.slivnica.si\/index.php?rest_route=%2Fwp%2Fv2%2Fmedia&parent=5621"}],"wp:term":[{"taxonomy":"category","embeddable":true,"href":"https:\/\/www.slivnica.si\/index.php?rest_route=%2Fwp%2Fv2%2Fcategories&post=5621"},{"taxonomy":"post_tag","embeddable":true,"href":"https:\/\/www.slivnica.si\/index.php?rest_route=%2Fwp%2Fv2%2Ftags&post=5621"}],"curies":[{"name":"wp","href":"https:\/\/api.w.org\/{rel}","templated":true}]}}